{"id":955,"date":"2014-10-02T14:21:05","date_gmt":"2014-10-02T12:21:05","guid":{"rendered":"https:\/\/stefanmalsi.de\/blog\/?p=955"},"modified":"2016-10-29T12:21:22","modified_gmt":"2016-10-29T10:21:22","slug":"955","status":"publish","type":"post","link":"https:\/\/stefanmalsi.de\/blog\/impulse\/955","title":{"rendered":""},"content":{"rendered":"<p><a href=\"https:\/\/stefanmalsi.de\/blog\/wp-content\/uploads\/2014\/10\/leuchter.jpg\"><img loading=\"lazy\" decoding=\"async\" class=\"alignnone size-full wp-image-956\" src=\"https:\/\/stefanmalsi.de\/blog\/wp-content\/uploads\/2014\/10\/leuchter.jpg\" alt=\"leuchter\" width=\"700\" height=\"206\" srcset=\"https:\/\/stefanmalsi.de\/blog\/wp-content\/uploads\/2014\/10\/leuchter.jpg 700w, https:\/\/stefanmalsi.de\/blog\/wp-content\/uploads\/2014\/10\/leuchter-624x183.jpg 624w\" sizes=\"auto, (max-width: 700px) 100vw, 700px\" \/><\/a><\/p>\n<h4><strong>Die zwei \u00d6lb\u00e4ume und die zwei Leuchter <\/strong><\/h4>\n<p style=\"text-align: justify;\">Und ich will meinen zwei Zeugen auftragen, im Bu\u00dfgewand aufzutreten und prophetisch zu reden, zw\u00f6lfhundertsechzig Tage lang. Sie sind die zwei \u00d6lb\u00e4ume und die zwei Leuchter, die vor dem Herrn der Erde stehen. (Off 11,3-4)<\/p>\n<p style=\"text-align: justify;\">Hier taucht schon wieder die Zeitangabe 1260 Tage = 42 Monate auf und erneut ist es nicht ganz einfach den Zeitraum an den realen Kalender anzubinden. Aus dem weiteren Verlauf des Textes m\u00f6chte man meinen, dass dieser Zeitraum vor dem Tod der beiden Zeugen liegt, aber irgendwie erscheint das unlogisch zu sein. Also setzen wir ihn konsequent hinter den Termin ihrer Wiederauferstehung und k\u00f6nnen dann mutma\u00dfen, dass deren \u201eprophetische Zeit\u201c wohl bis Ostern 2013 oder sogar noch ein paar Wochen dar\u00fcber hinaus reicht.<\/p>\n<p style=\"text-align: justify;\">\n","protected":false},"excerpt":{"rendered":"<p>Die zwei \u00d6lb\u00e4ume und die zwei Leuchter Und ich will meinen zwei Zeugen auftragen, im Bu\u00dfgewand aufzutreten und prophetisch zu reden, zw\u00f6lfhundertsechzig Tage lang. Sie sind die zwei \u00d6lb\u00e4ume und die zwei Leuchter, die vor dem Herrn der Erde stehen. (Off 11,3-4) Hier taucht schon wieder die Zeitangabe 1260 Tage = 42 Monate auf und &hellip; <a href=\"https:\/\/stefanmalsi.de\/blog\/impulse\/955\" class=\"more-link\"><span class=\"screen-reader-text\"><\/span> weiterlesen <span class=\"meta-nav\">&rarr;<\/span><\/a><\/p>\n","protected":false},"author":2,"featured_media":0,"comment_status":"closed","ping_status":"closed","sticky":false,"template":"","format":"standard","meta":{"_jetpack_memberships_contains_paid_content":false,"footnotes":""},"categories":[171,3],"tags":[],"class_list":["post-955","post","type-post","status-publish","format-standard","hentry","category-impulse-3","category-impulse"],"jetpack_featured_media_url":"","jetpack_sharing_enabled":true,"_links":{"self":[{"href":"https:\/\/stefanmalsi.de\/blog\/wp-json\/wp\/v2\/posts\/955","targetHints":{"allow":["GET"]}}],"collection":[{"href":"https:\/\/stefanmalsi.de\/blog\/wp-json\/wp\/v2\/posts"}],"about":[{"href":"https:\/\/stefanmalsi.de\/blog\/wp-json\/wp\/v2\/types\/post"}],"author":[{"embeddable":true,"href":"https:\/\/stefanmalsi.de\/blog\/wp-json\/wp\/v2\/users\/2"}],"replies":[{"embeddable":true,"href":"https:\/\/stefanmalsi.de\/blog\/wp-json\/wp\/v2\/comments?post=955"}],"version-history":[{"count":3,"href":"https:\/\/stefanmalsi.de\/blog\/wp-json\/wp\/v2\/posts\/955\/revisions"}],"predecessor-version":[{"id":4370,"href":"https:\/\/stefanmalsi.de\/blog\/wp-json\/wp\/v2\/posts\/955\/revisions\/4370"}],"wp:attachment":[{"href":"https:\/\/stefanmalsi.de\/blog\/wp-json\/wp\/v2\/media?parent=955"}],"wp:term":[{"taxonomy":"category","embeddable":true,"href":"https:\/\/stefanmalsi.de\/blog\/wp-json\/wp\/v2\/categories?post=955"},{"taxonomy":"post_tag","embeddable":true,"href":"https:\/\/stefanmalsi.de\/blog\/wp-json\/wp\/v2\/tags?post=955"}],"curies":[{"name":"wp","href":"https:\/\/api.w.org\/{rel}","templated":true}]}}