{"id":912,"date":"2014-10-02T13:36:25","date_gmt":"2014-10-02T11:36:25","guid":{"rendered":"https:\/\/stefanmalsi.de\/blog\/?p=912"},"modified":"2016-10-29T12:21:22","modified_gmt":"2016-10-29T10:21:22","slug":"912","status":"publish","type":"post","link":"https:\/\/stefanmalsi.de\/blog\/impulse\/912","title":{"rendered":""},"content":{"rendered":"<p><a href=\"https:\/\/stefanmalsi.de\/blog\/wp-content\/uploads\/2014\/10\/golum.jpg\"><img loading=\"lazy\" decoding=\"async\" class=\"alignnone size-full wp-image-913\" src=\"https:\/\/stefanmalsi.de\/blog\/wp-content\/uploads\/2014\/10\/golum.jpg\" alt=\"golum\" width=\"800\" height=\"340\" srcset=\"https:\/\/stefanmalsi.de\/blog\/wp-content\/uploads\/2014\/10\/golum.jpg 800w, https:\/\/stefanmalsi.de\/blog\/wp-content\/uploads\/2014\/10\/golum-624x265.jpg 624w\" sizes=\"auto, (max-width: 800px) 100vw, 800px\" \/><\/a><\/p>\n<h4><strong>Gollum \u2013 der gespaltene Mensch<\/strong><\/h4>\n<p style=\"text-align: justify;\">An der Figur des Gollum aus dem Herrn der Ringe kann man sehr gut die Folgen innerer Spaltung eines Menschen erkennen. Nun kann man aber logisch nachweisen, dass die \u201eLehre der katholischen Kirche\u201c uvm. eine innere Spaltung der Menschen geradezu herbeizwingt. Die Spaltung des Menschen zeigt sich vor allem in der Trennung von Verstand und Glaube, denn es scheint nachgerade schizophren von gebildeten Menschen zu erwarten, dass sie etwas \u201eglauben\u201c sollen was der Verstand schlicht als unm\u00f6glich ansehen muss. Um aber nach der \u201eLehre der katholischen Kirche\u201c das Seelenheil zu erlangen verlangt diese ja von uns Menschen Dinge zu \u201eglauben\u201c die v\u00f6llig unvereinbar mit unserer Wahrnehmung sind und uns mit der Vernebelungsformel \u201eGeheimnis des Glaubens\u201c schmackhaft gemacht werden. Auf dem Weg zur Erleuchtung befreit sich der Mensch aber von allen \u201eunlogischen\u201c Glaubensvorstellungen und der reine Verstand erfasst Gott als das Wesen dem es alleine geb\u00fchrt Ehre zu erweisen. Es verh\u00e4lt sich tats\u00e4chlich so: Der Erleuchtete \u201eglaubt\u201c eigentlich nicht mehr, denn er hat mit seinem Verstand Gott erkannt. Seine Erkenntnis ist sein \u201eGlaube\u201c, sein Wissen ist identisch zu dem was er \u201eglaubt\u201c, denn er \u201eglaubt\u201c nur das was er auch wei\u00df! Das nennt er dann Erkenntnis und eben nicht mehr Glaube! Die geschlossene Pers\u00f6nlichkeit, frei von jedwedem \u201eGlauben\u201c ist dadurch entstanden! Verstand sowie spirituelles Wissen und F\u00fchlen sind v\u00f6llig deckungsgleich!<\/p>\n<p style=\"text-align: justify;\">Wenn wir Gnostis ank\u00fcndigen allen Menschen aus ihrer Spaltung von Glauben und Verstand\u00a0 herauszuhelfen, dann streben wir einzig nach Heilung, nach Erleuchtung der Menschen, die aber eben mit dem Untergang aller unlogischen Glaubensvorstellungen einhergeht.<\/p>\n","protected":false},"excerpt":{"rendered":"<p>Gollum \u2013 der gespaltene Mensch An der Figur des Gollum aus dem Herrn der Ringe kann man sehr gut die Folgen innerer Spaltung eines Menschen erkennen. Nun kann man aber logisch nachweisen, dass die \u201eLehre der katholischen Kirche\u201c uvm. eine innere Spaltung der Menschen geradezu herbeizwingt. Die Spaltung des Menschen zeigt sich vor allem in &hellip; <a href=\"https:\/\/stefanmalsi.de\/blog\/impulse\/912\" class=\"more-link\"><span class=\"screen-reader-text\"><\/span> weiterlesen <span class=\"meta-nav\">&rarr;<\/span><\/a><\/p>\n","protected":false},"author":2,"featured_media":0,"comment_status":"closed","ping_status":"closed","sticky":false,"template":"","format":"standard","meta":{"_jetpack_memberships_contains_paid_content":false,"footnotes":""},"categories":[171,3],"tags":[],"class_list":["post-912","post","type-post","status-publish","format-standard","hentry","category-impulse-3","category-impulse"],"jetpack_featured_media_url":"","jetpack_sharing_enabled":true,"_links":{"self":[{"href":"https:\/\/stefanmalsi.de\/blog\/wp-json\/wp\/v2\/posts\/912","targetHints":{"allow":["GET"]}}],"collection":[{"href":"https:\/\/stefanmalsi.de\/blog\/wp-json\/wp\/v2\/posts"}],"about":[{"href":"https:\/\/stefanmalsi.de\/blog\/wp-json\/wp\/v2\/types\/post"}],"author":[{"embeddable":true,"href":"https:\/\/stefanmalsi.de\/blog\/wp-json\/wp\/v2\/users\/2"}],"replies":[{"embeddable":true,"href":"https:\/\/stefanmalsi.de\/blog\/wp-json\/wp\/v2\/comments?post=912"}],"version-history":[{"count":3,"href":"https:\/\/stefanmalsi.de\/blog\/wp-json\/wp\/v2\/posts\/912\/revisions"}],"predecessor-version":[{"id":4380,"href":"https:\/\/stefanmalsi.de\/blog\/wp-json\/wp\/v2\/posts\/912\/revisions\/4380"}],"wp:attachment":[{"href":"https:\/\/stefanmalsi.de\/blog\/wp-json\/wp\/v2\/media?parent=912"}],"wp:term":[{"taxonomy":"category","embeddable":true,"href":"https:\/\/stefanmalsi.de\/blog\/wp-json\/wp\/v2\/categories?post=912"},{"taxonomy":"post_tag","embeddable":true,"href":"https:\/\/stefanmalsi.de\/blog\/wp-json\/wp\/v2\/tags?post=912"}],"curies":[{"name":"wp","href":"https:\/\/api.w.org\/{rel}","templated":true}]}}