{"id":8395,"date":"2022-02-06T10:27:10","date_gmt":"2022-02-06T09:27:10","guid":{"rendered":"https:\/\/stefanmalsi.de\/blog\/?p=8395"},"modified":"2022-02-06T21:20:20","modified_gmt":"2022-02-06T20:20:20","slug":"8395","status":"publish","type":"post","link":"https:\/\/stefanmalsi.de\/blog\/k-gedanken-2022\/8395","title":{"rendered":""},"content":{"rendered":"<p><img loading=\"lazy\" decoding=\"async\" class=\"alignnone size-full wp-image-8396\" src=\"https:\/\/stefanmalsi.de\/blog\/wp-content\/uploads\/2022\/02\/Stefan-Vollmacht-12.jpg\" alt=\"\" width=\"750\" height=\"367\" \/><\/p>\n<h4>Haftung an statt Bestrafung<\/h4>\n<p style=\"text-align: justify;\">Immer wieder sto\u00dfe ich auf die Behauptung, dass Jesus mit seiner Aussage \u201eBarmherzigkeit will ich, nicht Gerechtigkeit\u201c, die Menschen dazu aufgefordert h\u00e4tte, straff\u00e4llig gewordene Mitmenschen generell nicht zu \u201erichten\u201c. Hierzu m\u00f6chte ich ein paar Gedanken \u00e4u\u00dfern:<\/p>\n<p style=\"text-align: justify;\">Jesus selbst hat sich n\u00e4mlich ganz und gar nicht an diese Aussage gehalten, sondern die in seinen Augen schlimmsten Verbrecher, die Pharis\u00e4er, auch als solche benannt und sie regelrecht verflucht! Recht hatte er!! Was Jesus n\u00e4mlich meinte, ist, dass man die eigene \u201eSelbstgerechtigkeit\u201c nicht auf andere Menschen legen sollte, denn diese ist absolut ungeeignet Menschen zu beurteilen oder gar danach zu richten! Jesus trug aber ganz bestimmt keine Selbstgerechtigkeit, sondern vielmehr eine \u201euniverselle Gerechtigkeitsauffassung\u201c, in sich, als er sein Urteil \u00fcber die Pharis\u00e4er sprach! Was er zudem ganz bestimmt nicht meinte ist, dass man generell auf die irdische Gerechtigkeit verzichten solle wenn man \u00fcber eine Straftat zu urteilen hat, denn das f\u00fchrt zu v\u00f6lliger Verantwortungslosigkeit der Menschen. Barmherzigkeit ohne Gerechtigkeit ist selbst himmelschreiendes Unrecht, ist Willk\u00fcr! Eine Schuld nachzulassen ist einzig dem Gl\u00e4ubiger gegeben, niemals aber darf sie angeordnet \u00a0oder \u2013 noch schlimmer \u2013 mit dem erhobenen moralischen Zeigefinger \u2013 eingefordert werden! Genau diese \u201emoralische Gerechtigkeit\u201c ist n\u00e4mlich das\u00a0 \u201eRichten aus Selbstgerechtigkeit\u201c das Jesus geradezu verboten hat!<\/p>\n<p style=\"text-align: justify;\">Und genau deshalb ist die Annahme, Gott w\u00e4re in diesem Sinne ungerecht, schlicht falsch! Er ist das auch nicht aus irgendeiner ihm angedichteten besonderen Gnade heraus, die Ihm \u00fcbrigens g\u00e4nzlich fremd und eine dreiste Erfindung von Augustinus ist, sondern Er besteht ganz im Gegenteil darauf, dass jeder die von ihm aufgeh\u00e4uften \u201eSchulden\u201c eines Tages ausgleicht. Dazu f\u00fchrt Gott jeden Menschen auf solchen Wegen durch alle Inkarnationen hindurch, dass dies auch gelingt und jeder am Ende seines Weges ohne Schuld vor Gott und den Menschen steht. Dieser Ausgleich geschieht auf seelischer Ebene und ist nicht mit irdischen Ma\u00dfeinheiten messbar!<\/p>\n<p style=\"text-align: justify;\">Nat\u00fcrlich haben wir Menschen nicht die M\u00f6glichkeit eine derartige universelle Gerechtigkeit zu verf\u00fcgen, aber wenn wir uns schon einig sind, dass Strafe als Mittel zur Schuldbereinigung Unsinn ist, dann m\u00fcssen wir umso mehr f\u00fcr ausgleichende Gerechtigkeit sorgen. Ein jeder muss daher im Rahmen seiner M\u00f6glichkeiten f\u00fcr den von ihm angerichteten Schaden haften. Das gilt f\u00fcr einen Bill Gates genauso wie f\u00fcr einen impfenden Arzt oder einen armen Schlucker. Wenn das Verm\u00f6gen oder andere M\u00f6glichkeiten nicht ausreichen sollten den Schaden zu beheben oder auszugleichen, dann sind unsere irdischen Mittel ersch\u00f6pft, dann m\u00fcssen wir auf die Vorhersehung Gottes vertrauen und den Straft\u00e4ter \u2013 nach einer eventuell notwendigen therapeutischen Behandlung \u2013 eben laufen lassen!<\/p>\n<p style=\"text-align: justify;\">Jetzt aber kommen die Tage des \u201egro\u00dfen Gerichts\u201c auf alle Menschen zu und danach bauen wir eine gerechte Welt auf in der es Strafen nicht mehr geben wird! Damit wir uns in Zukunft auch nicht untereinander richten, m\u00f6chte ich die Absicht von Jesus noch einmal etwas verst\u00e4ndlicher ausdr\u00fccken und in meinen Worten zu euch sprechen:<\/p>\n<p>\u201eSeid liebevoll miteinander und beurteilt einander nicht in Selbstgerechtigkeit. Denn ich nehme eure seelische Reinheit und Sch\u00f6nheit vor allem danach wahr wie nachsichtig ihr gerade mit denen umgeht deren Verhalten nicht eurer Art entspricht.\u201c<\/p>\n","protected":false},"excerpt":{"rendered":"<p>Haftung an statt Bestrafung Immer wieder sto\u00dfe ich auf die Behauptung, dass Jesus mit seiner Aussage \u201eBarmherzigkeit will ich, nicht Gerechtigkeit\u201c, die Menschen dazu aufgefordert h\u00e4tte, straff\u00e4llig gewordene Mitmenschen generell nicht zu \u201erichten\u201c. Hierzu m\u00f6chte ich ein paar Gedanken \u00e4u\u00dfern: Jesus selbst hat sich n\u00e4mlich ganz und gar nicht an diese Aussage gehalten, sondern die &hellip; <a href=\"https:\/\/stefanmalsi.de\/blog\/k-gedanken-2022\/8395\" class=\"more-link\"><span class=\"screen-reader-text\"><\/span> weiterlesen <span class=\"meta-nav\">&rarr;<\/span><\/a><\/p>\n","protected":false},"author":2,"featured_media":0,"comment_status":"closed","ping_status":"closed","sticky":false,"template":"","format":"standard","meta":{"_jetpack_memberships_contains_paid_content":false,"footnotes":""},"categories":[180],"tags":[],"class_list":["post-8395","post","type-post","status-publish","format-standard","hentry","category-k-gedanken-2022"],"jetpack_featured_media_url":"","jetpack_sharing_enabled":true,"_links":{"self":[{"href":"https:\/\/stefanmalsi.de\/blog\/wp-json\/wp\/v2\/posts\/8395","targetHints":{"allow":["GET"]}}],"collection":[{"href":"https:\/\/stefanmalsi.de\/blog\/wp-json\/wp\/v2\/posts"}],"about":[{"href":"https:\/\/stefanmalsi.de\/blog\/wp-json\/wp\/v2\/types\/post"}],"author":[{"embeddable":true,"href":"https:\/\/stefanmalsi.de\/blog\/wp-json\/wp\/v2\/users\/2"}],"replies":[{"embeddable":true,"href":"https:\/\/stefanmalsi.de\/blog\/wp-json\/wp\/v2\/comments?post=8395"}],"version-history":[{"count":3,"href":"https:\/\/stefanmalsi.de\/blog\/wp-json\/wp\/v2\/posts\/8395\/revisions"}],"predecessor-version":[{"id":8399,"href":"https:\/\/stefanmalsi.de\/blog\/wp-json\/wp\/v2\/posts\/8395\/revisions\/8399"}],"wp:attachment":[{"href":"https:\/\/stefanmalsi.de\/blog\/wp-json\/wp\/v2\/media?parent=8395"}],"wp:term":[{"taxonomy":"category","embeddable":true,"href":"https:\/\/stefanmalsi.de\/blog\/wp-json\/wp\/v2\/categories?post=8395"},{"taxonomy":"post_tag","embeddable":true,"href":"https:\/\/stefanmalsi.de\/blog\/wp-json\/wp\/v2\/tags?post=8395"}],"curies":[{"name":"wp","href":"https:\/\/api.w.org\/{rel}","templated":true}]}}