{"id":8186,"date":"2021-01-31T11:02:28","date_gmt":"2021-01-31T10:02:28","guid":{"rendered":"https:\/\/stefanmalsi.de\/blog\/?p=8186"},"modified":"2025-05-22T19:58:56","modified_gmt":"2025-05-22T17:58:56","slug":"8186","status":"publish","type":"post","link":"https:\/\/stefanmalsi.de\/blog\/j-postings-2017\/8186","title":{"rendered":""},"content":{"rendered":"<p><img loading=\"lazy\" decoding=\"async\" class=\"alignnone size-full wp-image-8187\" src=\"https:\/\/stefanmalsi.de\/blog\/wp-content\/uploads\/2021\/01\/5-0.jpg\" alt=\"\" width=\"750\" height=\"563\" \/><\/p>\n<h4>Was erwartet uns noch alles im Jahr 2021?\u00a0 <span style=\"color: #0000ff;\">(2025!!)<\/span><\/h4>\n<p style=\"text-align: justify;\">Nachdem ich viele Jahre meist nur in Andeutungen oder gar in verschl\u00fcsselter Form geschrieben habe ist es an der Zeit das Visier zu heben und im Klartext meine Erkenntnisse \u00fcber die kommenden Ereignisse darzulegen. Es ist das Ergebnis 15 j\u00e4hriger Denkarbeit und ich habe mein Leben der Vorbereitung dieses Umbruches gewidmet und richte nat\u00fcrlich mein Verhalten danach aus.<\/p>\n<p style=\"text-align: justify;\">Wir sind in der Zeit angelangt, da die Pl\u00e4ne der unterschiedlichen \u201eVerschw\u00f6rungen\u201c zu ihrem fulminanten H\u00f6hepunkt streben. Der durch unsere Feinde ausgesetzte \u201eVirus\u201c und durch eine einmalige Medienl\u00fcgenkampagne inszenierte Corona-Wahn soll den Auftakt zu einem \u201eGreat Reset\u201c bilden, die Pl\u00e4ne der \u201eKinder des Lichts\u201c sehen dagegen die totale Entmachtung und Vernichtung der Kabale vor, die wir genau jetzt in Gang setzen werden!<\/p>\n<p style=\"text-align: justify;\">Im ersten Schritt werden wir ihnen ihre wichtigste \u201eWaffe\u201c wegnehmen und in einem wie \u201ezuf\u00e4llig vom Himmel gesteuerten\u201c Crash s\u00e4mtliche Verm\u00f6gen, alle W\u00e4hrungen und Industriewerte zerpulvern. Im zweiten Schritt l\u00f6sen wir weltweit alle Machtstrukturen und politischen Systeme auf. Um ihnen keine Chance auf Gegenma\u00dfnahmen mehr einzur\u00e4umen, wird der Zusammenbruch so organisiert, dass er \u201ewie ein Blitz\u201c kommt und damit zugleich die Schriften erf\u00fcllt. Geld regiert die Welt, ohne Geld regiert niemand mehr, alle sind arm, aber das Volk ist befreit! Schon bis Ostern 2021 l\u00f6sen wir zudem die b\u00f6sartigen Machtstrukturen in unserem Land auf und setzen damit einen Weltenbrand in Gang. Keine auf Macht ausgerichtete Organisation wird das \u00fcberleben, nicht die EU, nicht die UN, nicht die Nato, nicht die USA.<\/p>\n<p style=\"text-align: justify;\">In wenigen \u201eZeiteinheiten\u201c setzt daher ein Geldwertverfall mit einer Geschwindigkeit ein, die die Welt so noch nicht erlebt hat. Geld drucken, wie in den 20er Jahren, braucht Zeit, aber wir leben im Zeitalter von Computergeld und damit geschieht alles viel, viel schneller.<\/p>\n<p style=\"text-align: justify;\">In den kommenden Wochen wird erst alles sehr schnell sehr teuer, w\u00e4hrend die \u201eAnlagewerte\u201c kollabieren werden. Dann aber rei\u00dfen irgendwann die Lieferketten und die Nahrungsmittelversorgung setzt aus. Die meisten Menschen wird das v\u00f6llig unvorbereitet treffen und man muss durchaus mit ein paar chaotischen \u201eZeiten\u201c rechnen. Dieser Schock aber hat eine heilsame Seite und das \u201egro\u00dfe Erwachen\u201c wird endlich stattfinden. Binnen 7 Monaten \u2013 beginnend vom Montag nach dem gro\u00dfen Crash &#8211; werden alle Deutschen spirituell erwachen und damit zu einem ganz neuen Bewusstsein finden. Sie werden zudem die Machenschaften unserer Feinde begreifen, die elende Rolle unserer Politiker sowie der Medien durchschauen und sich schockartig aus vielen Selbstt\u00e4uschungen befreien.<\/p>\n<p style=\"text-align: justify;\">In gewisser Weise ist damit der Krieg in unserem Land zu Ende, aber es stehen uns etliche sehr schwierige Monate bevor. Erst wenn es uns gelingt in einem nationalen Kraftakt eine neue \u201eDeutsche W\u00e4hrung\u201c auf die Beine zu stellen haben wir eine Basis auf der wieder geordneter Austausch von Waren und Dienstleistungen vonstattengehen kann. Zuvor wurden allerdings alle, restlos alle \u201ePl\u00e4tze zum Arbeiten\u201c erst einmal stillgelegt!<\/p>\n<p><span style=\"color: #0000ff;\">Erg\u00e4nzung 5\/2025<br \/>\n<\/span><span style=\"color: #0000ff;\">Wie schon so oft war ich wieder einmal zu voreilig mit meinen Ank\u00fcndigungen und hoffe, dass sich jetzt endlich im Jahr 2022 die lang erwartete Wende abspielt.<\/span><\/p>\n","protected":false},"excerpt":{"rendered":"<p>Was erwartet uns noch alles im Jahr 2021?\u00a0 (2025!!) Nachdem ich viele Jahre meist nur in Andeutungen oder gar in verschl\u00fcsselter Form geschrieben habe ist es an der Zeit das Visier zu heben und im Klartext meine Erkenntnisse \u00fcber die kommenden Ereignisse darzulegen. Es ist das Ergebnis 15 j\u00e4hriger Denkarbeit und ich habe mein Leben &hellip; <a href=\"https:\/\/stefanmalsi.de\/blog\/j-postings-2017\/8186\" class=\"more-link\"><span class=\"screen-reader-text\"><\/span> weiterlesen <span class=\"meta-nav\">&rarr;<\/span><\/a><\/p>\n","protected":false},"author":2,"featured_media":0,"comment_status":"closed","ping_status":"closed","sticky":false,"template":"","format":"standard","meta":{"_jetpack_memberships_contains_paid_content":false,"footnotes":""},"categories":[179],"tags":[],"class_list":["post-8186","post","type-post","status-publish","format-standard","hentry","category-j-postings-2017"],"jetpack_featured_media_url":"","jetpack_sharing_enabled":true,"_links":{"self":[{"href":"https:\/\/stefanmalsi.de\/blog\/wp-json\/wp\/v2\/posts\/8186","targetHints":{"allow":["GET"]}}],"collection":[{"href":"https:\/\/stefanmalsi.de\/blog\/wp-json\/wp\/v2\/posts"}],"about":[{"href":"https:\/\/stefanmalsi.de\/blog\/wp-json\/wp\/v2\/types\/post"}],"author":[{"embeddable":true,"href":"https:\/\/stefanmalsi.de\/blog\/wp-json\/wp\/v2\/users\/2"}],"replies":[{"embeddable":true,"href":"https:\/\/stefanmalsi.de\/blog\/wp-json\/wp\/v2\/comments?post=8186"}],"version-history":[{"count":7,"href":"https:\/\/stefanmalsi.de\/blog\/wp-json\/wp\/v2\/posts\/8186\/revisions"}],"predecessor-version":[{"id":8714,"href":"https:\/\/stefanmalsi.de\/blog\/wp-json\/wp\/v2\/posts\/8186\/revisions\/8714"}],"wp:attachment":[{"href":"https:\/\/stefanmalsi.de\/blog\/wp-json\/wp\/v2\/media?parent=8186"}],"wp:term":[{"taxonomy":"category","embeddable":true,"href":"https:\/\/stefanmalsi.de\/blog\/wp-json\/wp\/v2\/categories?post=8186"},{"taxonomy":"post_tag","embeddable":true,"href":"https:\/\/stefanmalsi.de\/blog\/wp-json\/wp\/v2\/tags?post=8186"}],"curies":[{"name":"wp","href":"https:\/\/api.w.org\/{rel}","templated":true}]}}