{"id":7695,"date":"1958-08-05T16:10:22","date_gmt":"1958-08-05T15:10:22","guid":{"rendered":"https:\/\/stefanmalsi.de\/blog\/?p=7695"},"modified":"2024-08-24T18:31:00","modified_gmt":"2024-08-24T16:31:00","slug":"7695","status":"publish","type":"post","link":"https:\/\/stefanmalsi.de\/blog\/die-offenbarung-des-johannes\/7695","title":{"rendered":""},"content":{"rendered":"<p><img loading=\"lazy\" decoding=\"async\" class=\"alignnone size-full wp-image-6654\" src=\"https:\/\/stefanmalsi.de\/blog\/wp-content\/uploads\/2017\/06\/Bild-10a-6.-Posaune-Text.jpg\" alt=\"\" width=\"530\" height=\"770\" \/><\/p>\n<p><img loading=\"lazy\" decoding=\"async\" class=\"alignnone size-full wp-image-6579\" src=\"https:\/\/stefanmalsi.de\/blog\/wp-content\/uploads\/2017\/06\/Trennlinie-00.jpg\" alt=\"\" width=\"728\" height=\"31\" \/><\/p>\n<p>&nbsp;<\/p>\n<p><img loading=\"lazy\" decoding=\"async\" class=\"alignnone size-full wp-image-6655\" src=\"https:\/\/stefanmalsi.de\/blog\/wp-content\/uploads\/2017\/06\/Post-11.jpg\" alt=\"\" width=\"700\" height=\"232\" \/><\/p>\n<h4 style=\"text-align: center;\"><strong>Die sechste Posaune \u2013 Das Auftauchen der Seraphim und die Wiederauferstehung der beiden Zeugen<\/strong><\/h4>\n<p>(Offb 9, 13 \u2013 21)<\/p>\n<p style=\"text-align: justify;\">Mit den Posaunenst\u00f6\u00dfen werden Meilensteine der Entwicklung und Ver\u00e4nderungen des kollektiven Bewusstseins in unserem Land angek\u00fcndigt und der Text macht nun zun\u00e4chst einen weiten Sprung nach vorne, zum Ende der 2. Drangsalszeit. Erst ab Kapitel 11 wird der dazwischen liegende Zeitraum mit seinen Einzelereignissen noch eingehender geschildert. Es sind seit der 5. Posaune 3 Jahre und 11 Monate vergangen; Jahre voller Abenteuer und innerer Reifung. Wir befinden uns im Herbst 2009 und es geschehen eine ganze Reihe von au\u00dferordentlichen Ereignissen.<\/p>\n<p style=\"text-align: justify;\">Vier weitere Engel tauchen im Bewusstseinsraum der Akteure auf; die Seraphim.<\/p>\n<p style=\"text-align: justify;\">Diese vier Menschen sind ein ganz wichtiges Bindeglied in der g\u00f6ttlichen Sch\u00f6pfungsordnung, sind sie doch einerseits Mitglieder der 24 \u00c4ltesten andererseits die einzigen Seelen deren innere Reinheit und Sch\u00f6nheit denen der Cherubim ann\u00e4hernd gleich ist. Man mag es kaum glauben, aber die vier Seelen, Johannes der T\u00e4ufer + Maria Magdalena sowie Jesus + Martha haben \u201eDoppelg\u00e4nger\u201c, deren besonderen Lebenswege sie \u00fcber die Jahrtausende den Cherubim zum Verwechseln \u00e4hnlich machten. Es sind stille Helden deren Bedeutung im Heilsplan aber sehr gro\u00df ist und die ich hier voller Freude nennen m\u00f6chte:<\/p>\n<p><strong>K\u00f6nig Kaspar und seine Seelenpartnerin \u201eJosephine\u201c<br \/>\n<\/strong>(J\u00fcngstes der 6 Kinder aus der ersten Ehe Josephs)<\/p>\n<p><strong>Apostel Andreas und seine Seelenpartnerin \u201eMaria\u201c<\/strong><\/p>\n<p style=\"text-align: justify;\">Die Freude \u00fcber diesen Erkenntnisgewinn eines der Menschheit kaum bekannten Zusammenhanges f\u00fchrte zu einem Aufschwung in den Seelen derjenigen, die es erfuhren aber zeitgleich erlebten wir eine erneute heftige Aufwallung des \u201eSatans\u201c und die F\u00fcgungen und die Stimmung in unserem Land erreichte einen neuen Tiefpunkt! Mit dieser 6. Posaune aber wird vor allem auch der \u00dcbergang von der 2. in die 3. Wehe angek\u00fcndigt, denn der Zeitraum von 3 \u00bd Tagen = 3 \u00bd Jahren, der in Off 11,11 genannt wird, ist zu Ende und die beiden Zeugen stehen wieder auf. Der Satan aber verlor in den mittleren Tagen des Oktobers 2009 massiv an Kraft oder anders ausgedr\u00fcckt: Die Kollektivseele des deutschen Volkes erreichte einen weiteren Meilenstein auf dem Weg zur Reinheit und die F\u00fcgungen wurden sp\u00fcrbar milder.<\/p>\n<p style=\"text-align: justify;\">Die Wortwahl in der Offenbarung des Johannes ist an dieser Stelle so erschreckend, dass man zun\u00e4chst wieder geneigt ist, vor allen in den \u00e4u\u00dferen Abl\u00e4ufen nach Ereignissen zu suchen, anstatt die feinen Ver\u00e4nderungen des \u201egef\u00fchlten kollektiven Klimas\u201c wahrzunehmen. Doch nur diese sind es, die im Text wirklich beschrieben werden und sie sind zudem die Voraussetzung f\u00fcr die bevorstehenden globalen Ver\u00e4nderungen!<\/p>\n<p>Ein paar Worte zur Erg\u00e4nzung:<\/p>\n<audio class=\"wp-audio-shortcode\" id=\"audio-7695-1\" preload=\"none\" style=\"width: 100%;\" controls=\"controls\"><source type=\"audio\/mpeg\" src=\"https:\/\/stefanmalsi.de\/blog\/wp-content\/uploads\/2024\/08\/Off-9_13-21.mp3?_=1\" \/><a href=\"https:\/\/stefanmalsi.de\/blog\/wp-content\/uploads\/2024\/08\/Off-9_13-21.mp3\">https:\/\/stefanmalsi.de\/blog\/wp-content\/uploads\/2024\/08\/Off-9_13-21.mp3<\/a><\/audio>\n","protected":false},"excerpt":{"rendered":"<p>&nbsp; Die sechste Posaune \u2013 Das Auftauchen der Seraphim und die Wiederauferstehung der beiden Zeugen (Offb 9, 13 \u2013 21) Mit den Posaunenst\u00f6\u00dfen werden Meilensteine der Entwicklung und Ver\u00e4nderungen des kollektiven Bewusstseins in unserem Land angek\u00fcndigt und der Text macht nun zun\u00e4chst einen weiten Sprung nach vorne, zum Ende der 2. Drangsalszeit. Erst ab Kapitel &hellip; <a href=\"https:\/\/stefanmalsi.de\/blog\/die-offenbarung-des-johannes\/7695\" class=\"more-link\"><span class=\"screen-reader-text\"><\/span> weiterlesen <span class=\"meta-nav\">&rarr;<\/span><\/a><\/p>\n","protected":false},"author":2,"featured_media":0,"comment_status":"closed","ping_status":"closed","sticky":false,"template":"","format":"standard","meta":{"_jetpack_memberships_contains_paid_content":false,"footnotes":""},"categories":[173],"tags":[79],"class_list":["post-7695","post","type-post","status-publish","format-standard","hentry","category-die-offenbarung-des-johannes","tag-offenbarung"],"jetpack_featured_media_url":"","jetpack_sharing_enabled":true,"_links":{"self":[{"href":"https:\/\/stefanmalsi.de\/blog\/wp-json\/wp\/v2\/posts\/7695","targetHints":{"allow":["GET"]}}],"collection":[{"href":"https:\/\/stefanmalsi.de\/blog\/wp-json\/wp\/v2\/posts"}],"about":[{"href":"https:\/\/stefanmalsi.de\/blog\/wp-json\/wp\/v2\/types\/post"}],"author":[{"embeddable":true,"href":"https:\/\/stefanmalsi.de\/blog\/wp-json\/wp\/v2\/users\/2"}],"replies":[{"embeddable":true,"href":"https:\/\/stefanmalsi.de\/blog\/wp-json\/wp\/v2\/comments?post=7695"}],"version-history":[{"count":2,"href":"https:\/\/stefanmalsi.de\/blog\/wp-json\/wp\/v2\/posts\/7695\/revisions"}],"predecessor-version":[{"id":8629,"href":"https:\/\/stefanmalsi.de\/blog\/wp-json\/wp\/v2\/posts\/7695\/revisions\/8629"}],"wp:attachment":[{"href":"https:\/\/stefanmalsi.de\/blog\/wp-json\/wp\/v2\/media?parent=7695"}],"wp:term":[{"taxonomy":"category","embeddable":true,"href":"https:\/\/stefanmalsi.de\/blog\/wp-json\/wp\/v2\/categories?post=7695"},{"taxonomy":"post_tag","embeddable":true,"href":"https:\/\/stefanmalsi.de\/blog\/wp-json\/wp\/v2\/tags?post=7695"}],"curies":[{"name":"wp","href":"https:\/\/api.w.org\/{rel}","templated":true}]}}