{"id":7692,"date":"1958-08-05T16:15:05","date_gmt":"1958-08-05T15:15:05","guid":{"rendered":"https:\/\/stefanmalsi.de\/blog\/?p=7692"},"modified":"2024-08-30T15:08:57","modified_gmt":"2024-08-30T13:08:57","slug":"7692","status":"publish","type":"post","link":"https:\/\/stefanmalsi.de\/blog\/die-offenbarung-des-johannes\/7692","title":{"rendered":""},"content":{"rendered":"<p><img loading=\"lazy\" decoding=\"async\" class=\"alignnone size-full wp-image-6646\" src=\"https:\/\/stefanmalsi.de\/blog\/wp-content\/uploads\/2017\/06\/Bild-9a-5.-Posaune-Text.jpg\" alt=\"\" width=\"530\" height=\"862\" \/><\/p>\n<p><img loading=\"lazy\" decoding=\"async\" class=\"alignnone size-full wp-image-6579\" src=\"https:\/\/stefanmalsi.de\/blog\/wp-content\/uploads\/2017\/06\/Trennlinie-00.jpg\" alt=\"\" width=\"728\" height=\"31\" \/><\/p>\n<p>&nbsp;<\/p>\n<p><img loading=\"lazy\" decoding=\"async\" class=\"alignnone size-full wp-image-6647\" src=\"https:\/\/stefanmalsi.de\/blog\/wp-content\/uploads\/2017\/06\/Post-10.jpg\" alt=\"\" width=\"700\" height=\"221\" \/><\/p>\n<h4><strong>Die f\u00fcnfte Posaune<\/strong><\/h4>\n<p>(Offb 9, 1 \u2013 12)<\/p>\n<p style=\"text-align: justify;\">Es gibt auf dem Weg zur Weisheit den Erkenntnisstand \u201eUnterscheidung der Geister\u201c. Nach meiner Vorstellung wurde die 5. Posaune geblasen als alle 7 \u201eLichtgestalten\u201c diese Stufe erreicht hatten. Der Drache \u201eerwachte\u201c und begann mit aller Macht gegen diese und alle anderen \u201eKrieger des Lichts\u201c zu k\u00e4mpfen; die erste Drangsalszeit begann. Mit einem Schlag wurden F\u00fcgungen derart \u201eb\u00f6se\u201c, dass man den Eindruck bekam, regelrecht verfolgt zu werden. Praktisch alles ging schief, jede Begegnung mit anderen Menschen konnte eine weitere Verletzung bedeuten und jede noch so kleine Freude im Herzen, jeder Wunsch wurde durch b\u00f6sartige Verkettungen von Ereignissen in sein Gegenteil verkehrt. Die Stimmung in unserem Land war gr\u00e4sslich, nur konnten es die meisten Menschen gar nicht wahrnehmen, denn sie waren ja Teil des b\u00f6sen Spiels. Wenn irgendein Satz in der Offenbarung wirklich direkt zu f\u00fchlen war, dann dieser: \u201eEs wurde ihnen befohlen, die Menschen nicht zu t\u00f6ten, sondern nur zu qu\u00e4len, f\u00fcnf Monate lang. Und der Schmerz, den sie zuf\u00fcgen, ist so stark, wie wenn ein Skorpion einen Menschen sticht.\u201c<\/p>\n<p style=\"text-align: justify;\">Der Zeitraum der ersten Drangsal begann in Deutschland Mitte November 2005 und endete zu Ostern 2006. Die Belastungen auf die Akteure waren dabei so enorm, dass sie teils an ihre psychischen Grenzen kamen oder sogar dar\u00fcber hinaus gejagt wurden. Sie zerbrachen und verloren das Licht und ihren Verstand, ja sie landeten zum Teil in psychotischen Zust\u00e4nden. Es war die H\u00f6lle auf Erden und doch geschah zu Ostern 2006 etwas, das zuvor noch kein Volk der Welt erlebt hat, denn nach diesem \u201eWutausbruch des Satans\u201c ver\u00e4nderte sich der \u201eGeist\u201c in unserem Land und die \u201eVolksseele unseres Landes\u201c trat Ostern 2006 ins Licht. Die negativen F\u00fcgungen beruhigten sich vorerst einmal und es begann f\u00fcr die Kollektivseele der lange Weg zur Reinheit der erst zu Ostern 2013 endete. Diesen Moment, Ostern 2006, kann man auch als den \u201eSturz des Drachens vom Himmel\u201c bezeichnen, wie er Johannes sp\u00e4ter noch in einem anderen Visionsbild gezeigt wird.<\/p>\n<p>Ein paar Worte zur Erg\u00e4nzung:<\/p>\n<audio class=\"wp-audio-shortcode\" id=\"audio-7692-1\" preload=\"none\" style=\"width: 100%;\" controls=\"controls\"><source type=\"audio\/mpeg\" src=\"https:\/\/stefanmalsi.de\/blog\/wp-content\/uploads\/2024\/08\/Off-9_1-12.mp3?_=1\" \/><a href=\"https:\/\/stefanmalsi.de\/blog\/wp-content\/uploads\/2024\/08\/Off-9_1-12.mp3\">https:\/\/stefanmalsi.de\/blog\/wp-content\/uploads\/2024\/08\/Off-9_1-12.mp3<\/a><\/audio>\n","protected":false},"excerpt":{"rendered":"<p>&nbsp; Die f\u00fcnfte Posaune (Offb 9, 1 \u2013 12) Es gibt auf dem Weg zur Weisheit den Erkenntnisstand \u201eUnterscheidung der Geister\u201c. Nach meiner Vorstellung wurde die 5. Posaune geblasen als alle 7 \u201eLichtgestalten\u201c diese Stufe erreicht hatten. Der Drache \u201eerwachte\u201c und begann mit aller Macht gegen diese und alle anderen \u201eKrieger des Lichts\u201c zu k\u00e4mpfen; &hellip; <a href=\"https:\/\/stefanmalsi.de\/blog\/die-offenbarung-des-johannes\/7692\" class=\"more-link\"><span class=\"screen-reader-text\"><\/span> weiterlesen <span class=\"meta-nav\">&rarr;<\/span><\/a><\/p>\n","protected":false},"author":2,"featured_media":0,"comment_status":"closed","ping_status":"closed","sticky":false,"template":"","format":"standard","meta":{"_jetpack_memberships_contains_paid_content":false,"footnotes":""},"categories":[173],"tags":[79],"class_list":["post-7692","post","type-post","status-publish","format-standard","hentry","category-die-offenbarung-des-johannes","tag-offenbarung"],"jetpack_featured_media_url":"","jetpack_sharing_enabled":true,"_links":{"self":[{"href":"https:\/\/stefanmalsi.de\/blog\/wp-json\/wp\/v2\/posts\/7692","targetHints":{"allow":["GET"]}}],"collection":[{"href":"https:\/\/stefanmalsi.de\/blog\/wp-json\/wp\/v2\/posts"}],"about":[{"href":"https:\/\/stefanmalsi.de\/blog\/wp-json\/wp\/v2\/types\/post"}],"author":[{"embeddable":true,"href":"https:\/\/stefanmalsi.de\/blog\/wp-json\/wp\/v2\/users\/2"}],"replies":[{"embeddable":true,"href":"https:\/\/stefanmalsi.de\/blog\/wp-json\/wp\/v2\/comments?post=7692"}],"version-history":[{"count":2,"href":"https:\/\/stefanmalsi.de\/blog\/wp-json\/wp\/v2\/posts\/7692\/revisions"}],"predecessor-version":[{"id":8628,"href":"https:\/\/stefanmalsi.de\/blog\/wp-json\/wp\/v2\/posts\/7692\/revisions\/8628"}],"wp:attachment":[{"href":"https:\/\/stefanmalsi.de\/blog\/wp-json\/wp\/v2\/media?parent=7692"}],"wp:term":[{"taxonomy":"category","embeddable":true,"href":"https:\/\/stefanmalsi.de\/blog\/wp-json\/wp\/v2\/categories?post=7692"},{"taxonomy":"post_tag","embeddable":true,"href":"https:\/\/stefanmalsi.de\/blog\/wp-json\/wp\/v2\/tags?post=7692"}],"curies":[{"name":"wp","href":"https:\/\/api.w.org\/{rel}","templated":true}]}}