{"id":7686,"date":"1958-08-05T16:25:08","date_gmt":"1958-08-05T15:25:08","guid":{"rendered":"https:\/\/stefanmalsi.de\/blog\/?p=7686"},"modified":"2024-08-24T18:25:30","modified_gmt":"2024-08-24T16:25:30","slug":"7686","status":"publish","type":"post","link":"https:\/\/stefanmalsi.de\/blog\/die-offenbarung-des-johannes\/7686","title":{"rendered":""},"content":{"rendered":"<p><img loading=\"lazy\" decoding=\"async\" class=\"alignnone size-full wp-image-6624\" src=\"https:\/\/stefanmalsi.de\/blog\/wp-content\/uploads\/2017\/06\/Bild-7a-Die-Knechte-Gottes-Text.jpg\" alt=\"\" width=\"530\" height=\"1418\" \/><\/p>\n<p><img loading=\"lazy\" decoding=\"async\" class=\"alignnone size-full wp-image-6579\" src=\"https:\/\/stefanmalsi.de\/blog\/wp-content\/uploads\/2017\/06\/Trennlinie-00.jpg\" alt=\"\" width=\"728\" height=\"31\" \/><\/p>\n<p>&nbsp;<\/p>\n<p><img loading=\"lazy\" decoding=\"async\" class=\"alignnone size-full wp-image-6625\" src=\"https:\/\/stefanmalsi.de\/blog\/wp-content\/uploads\/2017\/06\/Post-8.jpg\" alt=\"\" width=\"700\" height=\"177\" \/><\/p>\n<h4><strong>Die Bezeichnung der Knechte Gottes<\/strong><\/h4>\n<p>(Offb 7, 1 \u2013 17)<\/p>\n<p style=\"text-align: justify;\">Das Buch der Offenbarung beschreibt die Abl\u00e4ufe eines Bewusstseinswandels innerhalb des \u201eauserw\u00e4hlten Volkes\u201c. Dieser muss von jedem einzelnen Menschen und von der Gemeinschaft durchlaufen werden. Auch Jesus muss zun\u00e4chst einmal \u201eaufwachen\u201c und sich dann auf die lange Reise zu sich selbst begeben und dabei alles erlernen und erfahren was er sp\u00e4ter lehren wird. Um dahin zu gelangen, erf\u00e4hrt Jesus eine tiefe innere Bindung und Wechselwirkung zu 4 Frauen die in vielen seiner Leben in seiner N\u00e4he waren und seine erste \u201eTat zum Beginn der Offenbarungszeit\u201c ist es, diese 4 Engel aufzuwecken und auf dem Weg zur Reinheit zu begleiten. Praktischerweise sind das die 4 weiblichen Seelen die bereits mit den Sendbotenschreiben angesprochen wurden und so kann er aus diesem Text die besonderen Pers\u00f6nlichkeitsmerkmale entnehmen und diese Frauen erkennen. Er muss sie finden und heilen sonst kann die Zeit nicht starten. Er wird sie gefunden haben und zwar an den 4 Ecken unseres Landes, im S\u00fcden, im Norden, im Osten und im Westen sonst w\u00e4ren wir nicht jetzt in der Erntezeit angekommen!<\/p>\n<p><img loading=\"lazy\" decoding=\"async\" class=\"alignnone size-full wp-image-6626\" src=\"https:\/\/stefanmalsi.de\/blog\/wp-content\/uploads\/2017\/06\/Post-8.1.jpg\" alt=\"\" width=\"491\" height=\"220\" \/><\/p>\n<p style=\"text-align: justify;\">Aber auch alle anderen der 144000 Seelenpaare des auserw\u00e4hlten Volkes sollen gefunden werden und sich der Zugeh\u00f6rigkeit zu dieser besonderen Seelengruppe bewusst werden. Jesus scheint \u00fcber den Schl\u00fcssel zu verf\u00fcgen mit dem er diese Seelen finden und ihnen \u201edas Siegel auf die Stirn dr\u00fccken\u201c = \u201ees ihnen bewusst machen\u201c kann. Auch das ist nicht genug, denn \u201eeine gro\u00dfe Schar aus allen Nationen und St\u00e4mmen, V\u00f6lkern und Sprachen\u201c standen in wei\u00dfen Gew\u00e4ndern vor dem Thron und damit erfahren wir, dass dieser Aufwachvorgang alle Menschen dieser Erde erfassen wird.<\/p>\n<p style=\"text-align: justify;\">Hier wird den 144000 Seelenpaaren zudem bereits eine besondere Belohnung versprochen, denn CHRISTUS wird sie zur Quelle des Lebens f\u00fchren, wird sie rein machen und wird alle ihre Tr\u00e4nen trocknen.<\/p>\n<p>Ein paar Worte zur Erg\u00e4nzung:<\/p>\n<audio class=\"wp-audio-shortcode\" id=\"audio-7686-1\" preload=\"none\" style=\"width: 100%;\" controls=\"controls\"><source type=\"audio\/mpeg\" src=\"https:\/\/stefanmalsi.de\/blog\/wp-content\/uploads\/2024\/08\/Off-7_1-17.mp3?_=1\" \/><a href=\"https:\/\/stefanmalsi.de\/blog\/wp-content\/uploads\/2024\/08\/Off-7_1-17.mp3\">https:\/\/stefanmalsi.de\/blog\/wp-content\/uploads\/2024\/08\/Off-7_1-17.mp3<\/a><\/audio>\n","protected":false},"excerpt":{"rendered":"<p>&nbsp; Die Bezeichnung der Knechte Gottes (Offb 7, 1 \u2013 17) Das Buch der Offenbarung beschreibt die Abl\u00e4ufe eines Bewusstseinswandels innerhalb des \u201eauserw\u00e4hlten Volkes\u201c. Dieser muss von jedem einzelnen Menschen und von der Gemeinschaft durchlaufen werden. Auch Jesus muss zun\u00e4chst einmal \u201eaufwachen\u201c und sich dann auf die lange Reise zu sich selbst begeben und dabei &hellip; <a href=\"https:\/\/stefanmalsi.de\/blog\/die-offenbarung-des-johannes\/7686\" class=\"more-link\"><span class=\"screen-reader-text\"><\/span> weiterlesen <span class=\"meta-nav\">&rarr;<\/span><\/a><\/p>\n","protected":false},"author":2,"featured_media":0,"comment_status":"closed","ping_status":"closed","sticky":false,"template":"","format":"standard","meta":{"_jetpack_memberships_contains_paid_content":false,"footnotes":""},"categories":[173],"tags":[79],"class_list":["post-7686","post","type-post","status-publish","format-standard","hentry","category-die-offenbarung-des-johannes","tag-offenbarung"],"jetpack_featured_media_url":"","jetpack_sharing_enabled":true,"_links":{"self":[{"href":"https:\/\/stefanmalsi.de\/blog\/wp-json\/wp\/v2\/posts\/7686","targetHints":{"allow":["GET"]}}],"collection":[{"href":"https:\/\/stefanmalsi.de\/blog\/wp-json\/wp\/v2\/posts"}],"about":[{"href":"https:\/\/stefanmalsi.de\/blog\/wp-json\/wp\/v2\/types\/post"}],"author":[{"embeddable":true,"href":"https:\/\/stefanmalsi.de\/blog\/wp-json\/wp\/v2\/users\/2"}],"replies":[{"embeddable":true,"href":"https:\/\/stefanmalsi.de\/blog\/wp-json\/wp\/v2\/comments?post=7686"}],"version-history":[{"count":2,"href":"https:\/\/stefanmalsi.de\/blog\/wp-json\/wp\/v2\/posts\/7686\/revisions"}],"predecessor-version":[{"id":8626,"href":"https:\/\/stefanmalsi.de\/blog\/wp-json\/wp\/v2\/posts\/7686\/revisions\/8626"}],"wp:attachment":[{"href":"https:\/\/stefanmalsi.de\/blog\/wp-json\/wp\/v2\/media?parent=7686"}],"wp:term":[{"taxonomy":"category","embeddable":true,"href":"https:\/\/stefanmalsi.de\/blog\/wp-json\/wp\/v2\/categories?post=7686"},{"taxonomy":"post_tag","embeddable":true,"href":"https:\/\/stefanmalsi.de\/blog\/wp-json\/wp\/v2\/tags?post=7686"}],"curies":[{"name":"wp","href":"https:\/\/api.w.org\/{rel}","templated":true}]}}