{"id":727,"date":"2014-10-02T12:00:21","date_gmt":"2014-10-02T10:00:21","guid":{"rendered":"https:\/\/stefanmalsi.de\/blog\/?p=727"},"modified":"2017-08-31T21:37:24","modified_gmt":"2017-08-31T19:37:24","slug":"727","status":"publish","type":"post","link":"https:\/\/stefanmalsi.de\/blog\/impulse\/727","title":{"rendered":""},"content":{"rendered":"<h5><strong>Die Zartheit der Maria Magdalena<\/strong><\/h5>\n<p style=\"text-align: justify;\">Unter den 144000 Seelen des auserw\u00e4hlten Volkes gibt eine Reihe von Seelen deren \u201eLebenswege\u201c sich von den anderen unterscheiden und deren Pers\u00f6nlichkeit daher auch nicht mit ihnen vergleichbar ist. Maria Magdalena ist eine solche Ausnahmeseele, denn sie war nicht \u201evon Anfang an dabei\u201c sondern weilte zum ersten Mal als \u201ekleine Schwester\u201c von Abraham auf Erden. Um bis zur heutigen Zeit aber auf die gleiche Anzahl von Inkarnationen wie die Anderen zu kommen, war sie seit dem praktisch in jedem Jahrhundert auf Erden und wurde so zu eine einzigartigen Pers\u00f6nlichkeit geformt. \u201eDu nur du, wirst immer wieder geboren\u201c, singt Xavier v\u00f6llig richtig und nur mit dieser Erkenntnis kann man ihr Wesen \u00fcberhaupt fassen.<\/p>\n<p style=\"text-align: justify;\">Nun w\u00e4re sie aber f\u00fcr alle Frauen ein unerreichbares Vorbild wenn es nicht doch eine Seele g\u00e4be die es auf dem \u201eStandartinkarnationsweg\u201c zu einer vergleichbaren Zartheit wie Maria Magdalena gebracht h\u00e4tte. Es ist dies ihre n\u00e4chst \u00e4ltere Schwester! Die Zartheit und Weisheit dieser beiden Frauen ist wirklich einzigartig und um ihre \u00c4hnlichkeit auszudr\u00fccken nennt man\u00a0sie auch \u201edie kleine und die gro\u00dfe Therese\u201c.<\/p>\n<p style=\"text-align: justify;\">Uns ist zudem zu Ohren gekommen, dass es einen Mann geben soll der genau durch diese einzigartige Zartheit dieser beiden Frauen zu dem geformt wird auf den die Welt noch wartet!<\/p>\n","protected":false},"excerpt":{"rendered":"<p>Die Zartheit der Maria Magdalena Unter den 144000 Seelen des auserw\u00e4hlten Volkes gibt eine Reihe von Seelen deren \u201eLebenswege\u201c sich von den anderen unterscheiden und deren Pers\u00f6nlichkeit daher auch nicht mit ihnen vergleichbar ist. Maria Magdalena ist eine solche Ausnahmeseele, denn sie war nicht \u201evon Anfang an dabei\u201c sondern weilte zum ersten Mal als \u201ekleine &hellip; <a href=\"https:\/\/stefanmalsi.de\/blog\/impulse\/727\" class=\"more-link\"><span class=\"screen-reader-text\"><\/span> weiterlesen <span class=\"meta-nav\">&rarr;<\/span><\/a><\/p>\n","protected":false},"author":2,"featured_media":0,"comment_status":"closed","ping_status":"closed","sticky":false,"template":"","format":"standard","meta":{"_jetpack_memberships_contains_paid_content":false,"footnotes":""},"categories":[170,3],"tags":[70],"class_list":["post-727","post","type-post","status-publish","format-standard","hentry","category-impulse-2","category-impulse","tag-maria-magdalena"],"jetpack_featured_media_url":"","jetpack_sharing_enabled":true,"_links":{"self":[{"href":"https:\/\/stefanmalsi.de\/blog\/wp-json\/wp\/v2\/posts\/727","targetHints":{"allow":["GET"]}}],"collection":[{"href":"https:\/\/stefanmalsi.de\/blog\/wp-json\/wp\/v2\/posts"}],"about":[{"href":"https:\/\/stefanmalsi.de\/blog\/wp-json\/wp\/v2\/types\/post"}],"author":[{"embeddable":true,"href":"https:\/\/stefanmalsi.de\/blog\/wp-json\/wp\/v2\/users\/2"}],"replies":[{"embeddable":true,"href":"https:\/\/stefanmalsi.de\/blog\/wp-json\/wp\/v2\/comments?post=727"}],"version-history":[{"count":4,"href":"https:\/\/stefanmalsi.de\/blog\/wp-json\/wp\/v2\/posts\/727\/revisions"}],"predecessor-version":[{"id":5009,"href":"https:\/\/stefanmalsi.de\/blog\/wp-json\/wp\/v2\/posts\/727\/revisions\/5009"}],"wp:attachment":[{"href":"https:\/\/stefanmalsi.de\/blog\/wp-json\/wp\/v2\/media?parent=727"}],"wp:term":[{"taxonomy":"category","embeddable":true,"href":"https:\/\/stefanmalsi.de\/blog\/wp-json\/wp\/v2\/categories?post=727"},{"taxonomy":"post_tag","embeddable":true,"href":"https:\/\/stefanmalsi.de\/blog\/wp-json\/wp\/v2\/tags?post=727"}],"curies":[{"name":"wp","href":"https:\/\/api.w.org\/{rel}","templated":true}]}}