{"id":6756,"date":"2019-12-31T05:49:31","date_gmt":"2019-12-31T04:49:31","guid":{"rendered":"https:\/\/stefanmalsi.de\/blog\/?p=6756"},"modified":"2020-06-09T16:55:54","modified_gmt":"2020-06-09T14:55:54","slug":"6756","status":"publish","type":"post","link":"https:\/\/stefanmalsi.de\/blog\/j-postings-2017\/6756","title":{"rendered":""},"content":{"rendered":"<p><img loading=\"lazy\" decoding=\"async\" class=\"alignnone size-full wp-image-6630\" src=\"https:\/\/stefanmalsi.de\/blog\/wp-content\/uploads\/2017\/06\/MM-lilie.jpg\" alt=\"\" width=\"630\" height=\"180\" \/><\/p>\n<h4>Einige Erkenntnisse zu Maria Magdalena, Teil 5\/7<\/h4>\n<p style=\"text-align: justify;\">Nach der Vertreibung der Juden aus Israel kehrten die 144000 Seelenpaare nie wieder in dieses Land zur\u00fcck. Sie wurden verstreut unter die V\u00f6lker der Erde und werden erst in unseren Tagen in unserem Land wieder zusammen finden. Es ist daher interessant ihre Lebenswege genau zu verfolgen um ihren Einfluss auf die Geschichte des Abendlandes zu begreifen. Die Lebenslinien der Propheten sind dabei von besonderer Bedeutung und auch am leichtesten zu verfolgen, haben sie doch in jedem Leben so deutliche Impulse auf die Erde gebracht, dass sie kaum zu \u00fcbersehen sind. Maria Magdalena geh\u00f6rt zu diesen \u201egro\u00dfen prophetischen Seelen\u201c, aber ihr Inkarnationsrythmus scheint sich von dem aller anderen Versiegelten zu unterscheiden. Noch konnte ich nur einige ihrer Leben wiederfinden und so hoffe ich, dass wir in der kommenden Zeit alle zusammen diese spannenden Geheimnisse kl\u00e4ren werden. Unter den wirklich gro\u00dfartigen Leben die Maria Magdalena f\u00fchrte fielen mir vier insofern sofort auf, als sie eine erstaunliche N\u00e4he zu ihrem Bruder hatten. Davon m\u00f6chte zwei hier nennen:<\/p>\n<p style=\"text-align: justify;\">\u00a0&#8211;\u00a0 Scholastika von Nursia<br \/>\n&#8211;\u00a0 Klara von Assisi<\/p>\n<p style=\"text-align: justify;\">Ein weiteres Leben, das sie als leibliche Schwester an der Seite ihres Bruders verbrachte, ist so offensichtlich, dass ich es nicht nennen m\u00f6chte, ein anderes ist nur sehr schwer als solches erkennbar. Ich hoffe, dass ihr ebenfalls die notwendigen Talente bekommt um solchen Zusammenh\u00e4ngen auf die Spur zu kommen.<\/p>\n","protected":false},"excerpt":{"rendered":"<p>Einige Erkenntnisse zu Maria Magdalena, Teil 5\/7 Nach der Vertreibung der Juden aus Israel kehrten die 144000 Seelenpaare nie wieder in dieses Land zur\u00fcck. Sie wurden verstreut unter die V\u00f6lker der Erde und werden erst in unseren Tagen in unserem Land wieder zusammen finden. Es ist daher interessant ihre Lebenswege genau zu verfolgen um ihren &hellip; <a href=\"https:\/\/stefanmalsi.de\/blog\/j-postings-2017\/6756\" class=\"more-link\"><span class=\"screen-reader-text\"><\/span> weiterlesen <span class=\"meta-nav\">&rarr;<\/span><\/a><\/p>\n","protected":false},"author":2,"featured_media":0,"comment_status":"closed","ping_status":"closed","sticky":false,"template":"","format":"standard","meta":{"_jetpack_memberships_contains_paid_content":false,"footnotes":""},"categories":[179],"tags":[70],"class_list":["post-6756","post","type-post","status-publish","format-standard","hentry","category-j-postings-2017","tag-maria-magdalena"],"jetpack_featured_media_url":"","jetpack_sharing_enabled":true,"_links":{"self":[{"href":"https:\/\/stefanmalsi.de\/blog\/wp-json\/wp\/v2\/posts\/6756","targetHints":{"allow":["GET"]}}],"collection":[{"href":"https:\/\/stefanmalsi.de\/blog\/wp-json\/wp\/v2\/posts"}],"about":[{"href":"https:\/\/stefanmalsi.de\/blog\/wp-json\/wp\/v2\/types\/post"}],"author":[{"embeddable":true,"href":"https:\/\/stefanmalsi.de\/blog\/wp-json\/wp\/v2\/users\/2"}],"replies":[{"embeddable":true,"href":"https:\/\/stefanmalsi.de\/blog\/wp-json\/wp\/v2\/comments?post=6756"}],"version-history":[{"count":1,"href":"https:\/\/stefanmalsi.de\/blog\/wp-json\/wp\/v2\/posts\/6756\/revisions"}],"predecessor-version":[{"id":6757,"href":"https:\/\/stefanmalsi.de\/blog\/wp-json\/wp\/v2\/posts\/6756\/revisions\/6757"}],"wp:attachment":[{"href":"https:\/\/stefanmalsi.de\/blog\/wp-json\/wp\/v2\/media?parent=6756"}],"wp:term":[{"taxonomy":"category","embeddable":true,"href":"https:\/\/stefanmalsi.de\/blog\/wp-json\/wp\/v2\/categories?post=6756"},{"taxonomy":"post_tag","embeddable":true,"href":"https:\/\/stefanmalsi.de\/blog\/wp-json\/wp\/v2\/tags?post=6756"}],"curies":[{"name":"wp","href":"https:\/\/api.w.org\/{rel}","templated":true}]}}