{"id":6748,"date":"2020-01-03T05:43:05","date_gmt":"2020-01-03T04:43:05","guid":{"rendered":"https:\/\/stefanmalsi.de\/blog\/?p=6748"},"modified":"2021-03-05T09:05:54","modified_gmt":"2021-03-05T08:05:54","slug":"6748","status":"publish","type":"post","link":"https:\/\/stefanmalsi.de\/blog\/j-postings-2017\/6748","title":{"rendered":""},"content":{"rendered":"<p><img loading=\"lazy\" decoding=\"async\" class=\"alignnone size-full wp-image-6620\" src=\"https:\/\/stefanmalsi.de\/blog\/wp-content\/uploads\/2017\/06\/Jesus-Adler.jpg\" alt=\"\" width=\"630\" height=\"180\" \/><\/p>\n<h4>Einige Erkenntnisse zu Jesus von Nazareth, Teil 5\/7<\/h4>\n<p style=\"text-align: justify;\">Jesu Auftreten in der \u00d6ffentlichkeit blieb nat\u00fcrlich nicht lange unbemerkt und da er ein radikal anderes Welt- und Gottesbild verk\u00fcndete als es den Herrschenden gelegen war sann man bald dar\u00fcber nach ihn loszuwerden. Die Zeiten waren gelinde gesagt \u201erustikal\u201c und so beschloss man ihn umzubringen. Joh 11, 49 \u2013 50: \u201eEiner von ihnen, Kajaphas, der Hohepriester jenes Jahres, sagte zu ihnen: Ihr versteht \u00fcberhaupt nichts. Ihr bedenkt nicht, dass es besser f\u00fcr euch ist, wenn ein einziger Mensch f\u00fcr das Volk stirbt, als wenn das ganze Volk zugrunde geht.\u201c, wobei er vermutlich mehr an seine Herrschaft \u00fcber das Volk als an das Volk selbst dachte. Jesus aber wusste darum, dass ihm diese Marter bevorstand und er entschied sich aus freien St\u00fccken zu dieser im h\u00f6chsten Ma\u00dfe gehorsamen und zugleich therapeutischen Verhaltensart. Er lie\u00df das B\u00f6se an sich austoben weil er wusste, dass er dieses genau dadurch sichtbar machen und in der Zukunft \u00fcberwinden w\u00fcrde! Eines Tages n\u00e4mlich w\u00fcrden die Menschen erkennen, dass es \u201edas B\u00f6se\u201c war das ihn, den \u201eGuten\u201c, vernichten wollte und mit dieser Erkenntnis wird es den Menschen gelingen \u201edas B\u00f6se\u201c f\u00fcr immer zu \u00fcberwinden! Mit seiner Tat hat Jesus zwar nicht den Tod \u00fcberwunden aber sehr wohl die Angst vor dem Tod besiegt und uns damit den Weg aufgezeigt den es zu gehen gilt.<\/p>\n<p style=\"text-align: justify;\">Die Abl\u00e4ufe sind bekannt, es war eine hochnotpeinliche Prozedur die nur durch die Raffinesse und den Mut einiger Essener abgek\u00fcrzt wurde, die wirklich die von Gott gesandten Helfer waren. Die Tortour endete erst als Jesus sich dem Schicksal \u00fcberlie\u00df und in tiefer Nacht versank, aber sein K\u00f6rper lebte und mit der Hilfe seiner Freunde \u00fcberlebte er diese Kreuzigung. Vermutlich begleiteten ihn zwei Personen in das Grab, darunter seine j\u00fcngste Schwester Elisabeth, denn ohne Pflege h\u00e4tte er diese Tage nicht \u00fcberleben k\u00f6nnen.<\/p>\n<p style=\"text-align: justify;\">Nach ein paar Wochen Rekonvaleszenz im Haus von Maria von Bethanien und ihrem Mann Jakobus dem J\u00fcngeren <span style=\"color: #0000ff;\">( * )<\/span> erschien er einige Male seinen Freunden, aber da die politische Lage weiterhin hochgef\u00e4hrlich f\u00fcr ihn war entschloss er sich die Seinen zu verlassen und gen \u201eIndien\u201c zu ziehen. Auf diesem Weg begleiteten ihn sein treuer Freund Thomas und seine Schwester Josephine. Ihr verdankt er auch seine Heilung von der Epilepsie, denn nur ihre Liebe war stark genug ihn in Damaskus von dieser Krankheit zu befreien.<\/p>\n<p style=\"text-align: justify;\">Nach einigen Jahren Wanderschaft erreichten sie Kashmir wo Jesus und Josephine noch etliche Jahre lebten w\u00e4hrend der Apostel Thomas nach S\u00fcdindien weiter zog.<\/p>\n<p style=\"text-align: justify;\"><span style=\"color: #0000ff;\">( * Erg\u00e4nzung 3\/2021 )<\/span><br \/>\n<span style=\"color: #0000ff;\">Maria von Bethanien ist eine der 4 Frauen die man immer wieder auf Abbildungen unter dem Kreuz dargestellt sieht. Auch ihr Mann Jakobus der J\u00fcngere war w\u00e4hrend der Kreuzigung in der N\u00e4he geblieben und so d\u00fcrften sie beide auch unmittelbar an den Geschehnissen nach diesen Tagen beteiligt gewesen sein. Die Aussage, dass Jesus in ihrem Haus von ihnen gepflegt wurde, ist aber vermutlich nicht richtig, denn zum einen hatten sie wohl kein Haus in Jerusalem sondern in Bethanien und zum anderen war die Rettung vor dem Kreuzestod von den Essenern organisiert worden, die Jesus nach den 3 Tagen im Grab dort herausholten und dann vermutlich \u00a0in ihren Kreisen versteckten und pflegten.<\/p>\n<p><\/span><\/p>\n","protected":false},"excerpt":{"rendered":"<p>Einige Erkenntnisse zu Jesus von Nazareth, Teil 5\/7 Jesu Auftreten in der \u00d6ffentlichkeit blieb nat\u00fcrlich nicht lange unbemerkt und da er ein radikal anderes Welt- und Gottesbild verk\u00fcndete als es den Herrschenden gelegen war sann man bald dar\u00fcber nach ihn loszuwerden. Die Zeiten waren gelinde gesagt \u201erustikal\u201c und so beschloss man ihn umzubringen. Joh 11, &hellip; <a href=\"https:\/\/stefanmalsi.de\/blog\/j-postings-2017\/6748\" class=\"more-link\"><span class=\"screen-reader-text\"><\/span> weiterlesen <span class=\"meta-nav\">&rarr;<\/span><\/a><\/p>\n","protected":false},"author":2,"featured_media":0,"comment_status":"closed","ping_status":"closed","sticky":false,"template":"","format":"standard","meta":{"_jetpack_memberships_contains_paid_content":false,"footnotes":""},"categories":[179],"tags":[62],"class_list":["post-6748","post","type-post","status-publish","format-standard","hentry","category-j-postings-2017","tag-jesus"],"jetpack_featured_media_url":"","jetpack_sharing_enabled":true,"_links":{"self":[{"href":"https:\/\/stefanmalsi.de\/blog\/wp-json\/wp\/v2\/posts\/6748","targetHints":{"allow":["GET"]}}],"collection":[{"href":"https:\/\/stefanmalsi.de\/blog\/wp-json\/wp\/v2\/posts"}],"about":[{"href":"https:\/\/stefanmalsi.de\/blog\/wp-json\/wp\/v2\/types\/post"}],"author":[{"embeddable":true,"href":"https:\/\/stefanmalsi.de\/blog\/wp-json\/wp\/v2\/users\/2"}],"replies":[{"embeddable":true,"href":"https:\/\/stefanmalsi.de\/blog\/wp-json\/wp\/v2\/comments?post=6748"}],"version-history":[{"count":5,"href":"https:\/\/stefanmalsi.de\/blog\/wp-json\/wp\/v2\/posts\/6748\/revisions"}],"predecessor-version":[{"id":8220,"href":"https:\/\/stefanmalsi.de\/blog\/wp-json\/wp\/v2\/posts\/6748\/revisions\/8220"}],"wp:attachment":[{"href":"https:\/\/stefanmalsi.de\/blog\/wp-json\/wp\/v2\/media?parent=6748"}],"wp:term":[{"taxonomy":"category","embeddable":true,"href":"https:\/\/stefanmalsi.de\/blog\/wp-json\/wp\/v2\/categories?post=6748"},{"taxonomy":"post_tag","embeddable":true,"href":"https:\/\/stefanmalsi.de\/blog\/wp-json\/wp\/v2\/tags?post=6748"}],"curies":[{"name":"wp","href":"https:\/\/api.w.org\/{rel}","templated":true}]}}