{"id":6729,"date":"2020-01-07T05:25:47","date_gmt":"2020-01-07T04:25:47","guid":{"rendered":"https:\/\/stefanmalsi.de\/blog\/?p=6729"},"modified":"2020-06-09T16:55:04","modified_gmt":"2020-06-09T14:55:04","slug":"6729","status":"publish","type":"post","link":"https:\/\/stefanmalsi.de\/blog\/j-postings-2017\/6729","title":{"rendered":""},"content":{"rendered":"<p><img loading=\"lazy\" decoding=\"async\" class=\"alignnone size-full wp-image-6630\" src=\"https:\/\/stefanmalsi.de\/blog\/wp-content\/uploads\/2017\/06\/MM-lilie.jpg\" alt=\"\" width=\"630\" height=\"180\" \/><\/p>\n<h4>Einige Erkenntnisse zu Maria Magdalena, Teil 4\/7<\/h4>\n<p style=\"text-align: justify;\">Es gibt Quellen die berichten, dass Maria Magdalena nach dem Weggang ihres Bruders mit einigen anderen Frauen und Kindern aus Jerusalem geflohen und mit einem Schiff nach S\u00fcdfrankreich gesegelt ist. Auf diesem Schiff waren vermutlich folgende Frauen und M\u00e4nner mit dabei: Salome die Schwester der Mutter Maria und ihre Lebensgef\u00e4hrtin Sara al Kali, Maria von Bethanien und ihr Ehemann Jakobus der J\u00fcngere, Lazarus und seine Schwester Martha sowie Joseph von Arimath\u00e4a. In S\u00fcdfrankreich verlieren sich die Spuren von ihnen und einer Legende nach hat sich Maria Magdalena f\u00fcr 7 Jahre in eine H\u00f6hle zur\u00fcckgezogen und da das ihrer Wesensart sehr entspricht m\u00f6chte ich dieser Legende Glauben schenken. Sicher bin ich mir auch darin, dass Lazarus, Martha und Joseph von Arimath\u00e4a die Rhone hinauf gewandert und eines Tages in Chartres gelandet sind. Kein anderer Kirchenbau als die dortige Kathedrale h\u00e4lt mehr gnostische Geheimnisse f\u00fcr uns Heutige bereit und das k\u00f6nnte darin seinen Ursprung haben. Maria Magdalena verschwindet in der Geschichte aber der folgende Satz aus dem Munde Jesu der uns in der Pistis Sophia \u00fcberliefert wird, beh\u00e4lt f\u00fcr alle Zeiten G\u00fcltigkeit:<\/p>\n<p style=\"text-align: justify;\"><em><strong>\u201eDu bist begnadet vor allen Frauen auf Erden, weil du die h\u00f6chste F\u00fclle und h\u00f6chste Vollendung sein wirst.\u201c<\/strong><\/em><\/p>\n","protected":false},"excerpt":{"rendered":"<p>Einige Erkenntnisse zu Maria Magdalena, Teil 4\/7 Es gibt Quellen die berichten, dass Maria Magdalena nach dem Weggang ihres Bruders mit einigen anderen Frauen und Kindern aus Jerusalem geflohen und mit einem Schiff nach S\u00fcdfrankreich gesegelt ist. Auf diesem Schiff waren vermutlich folgende Frauen und M\u00e4nner mit dabei: Salome die Schwester der Mutter Maria und &hellip; <a href=\"https:\/\/stefanmalsi.de\/blog\/j-postings-2017\/6729\" class=\"more-link\"><span class=\"screen-reader-text\"><\/span> weiterlesen <span class=\"meta-nav\">&rarr;<\/span><\/a><\/p>\n","protected":false},"author":2,"featured_media":0,"comment_status":"closed","ping_status":"closed","sticky":false,"template":"","format":"standard","meta":{"_jetpack_memberships_contains_paid_content":false,"footnotes":""},"categories":[179],"tags":[70],"class_list":["post-6729","post","type-post","status-publish","format-standard","hentry","category-j-postings-2017","tag-maria-magdalena"],"jetpack_featured_media_url":"","jetpack_sharing_enabled":true,"_links":{"self":[{"href":"https:\/\/stefanmalsi.de\/blog\/wp-json\/wp\/v2\/posts\/6729","targetHints":{"allow":["GET"]}}],"collection":[{"href":"https:\/\/stefanmalsi.de\/blog\/wp-json\/wp\/v2\/posts"}],"about":[{"href":"https:\/\/stefanmalsi.de\/blog\/wp-json\/wp\/v2\/types\/post"}],"author":[{"embeddable":true,"href":"https:\/\/stefanmalsi.de\/blog\/wp-json\/wp\/v2\/users\/2"}],"replies":[{"embeddable":true,"href":"https:\/\/stefanmalsi.de\/blog\/wp-json\/wp\/v2\/comments?post=6729"}],"version-history":[{"count":1,"href":"https:\/\/stefanmalsi.de\/blog\/wp-json\/wp\/v2\/posts\/6729\/revisions"}],"predecessor-version":[{"id":6730,"href":"https:\/\/stefanmalsi.de\/blog\/wp-json\/wp\/v2\/posts\/6729\/revisions\/6730"}],"wp:attachment":[{"href":"https:\/\/stefanmalsi.de\/blog\/wp-json\/wp\/v2\/media?parent=6729"}],"wp:term":[{"taxonomy":"category","embeddable":true,"href":"https:\/\/stefanmalsi.de\/blog\/wp-json\/wp\/v2\/categories?post=6729"},{"taxonomy":"post_tag","embeddable":true,"href":"https:\/\/stefanmalsi.de\/blog\/wp-json\/wp\/v2\/tags?post=6729"}],"curies":[{"name":"wp","href":"https:\/\/api.w.org\/{rel}","templated":true}]}}