{"id":637,"date":"2014-10-02T11:33:04","date_gmt":"2014-10-02T09:33:04","guid":{"rendered":"https:\/\/stefanmalsi.de\/blog\/?p=637"},"modified":"2016-10-29T12:22:43","modified_gmt":"2016-10-29T10:22:43","slug":"637","status":"publish","type":"post","link":"https:\/\/stefanmalsi.de\/blog\/impulse\/637","title":{"rendered":""},"content":{"rendered":"<p><a href=\"https:\/\/stefanmalsi.de\/blog\/wp-content\/uploads\/2014\/10\/6-Freunde-1.jpg\"><img loading=\"lazy\" decoding=\"async\" class=\"alignnone size-full wp-image-638\" src=\"https:\/\/stefanmalsi.de\/blog\/wp-content\/uploads\/2014\/10\/6-Freunde-1.jpg\" alt=\"6 Freunde 1\" width=\"700\" height=\"160\" srcset=\"https:\/\/stefanmalsi.de\/blog\/wp-content\/uploads\/2014\/10\/6-Freunde-1.jpg 700w, https:\/\/stefanmalsi.de\/blog\/wp-content\/uploads\/2014\/10\/6-Freunde-1-624x142.jpg 624w\" sizes=\"auto, (max-width: 700px) 100vw, 700px\" \/><\/a><\/p>\n<h4><strong>12 Freunde sollt ihr sein! <\/strong><\/h4>\n<p style=\"text-align: justify;\">Diese 10 Freunde und 2 Br\u00fcder unseres Helden sind wahrlich unterschiedliche und zugleich gro\u00dfartige Pers\u00f6nlichkeiten. Im Moment sind sie f\u00fcr Au\u00dfenstehende noch nicht als eine Gruppe zu erkennen, dennoch \u201earbeiten\u201c sie auf eigent\u00fcmliche Art l\u00e4ngst zusammen und wenn die Zeit dazu gekommen ist werden wir sie hoffentlich auch einmal als ganze Gruppe erleben d\u00fcrfen. Derzeit aber sind sie noch in aller Herren \u201eDenkwelten\u201c verstreut und es bedarf noch m\u00e4chtig viel Arbeit unseres Helden um sie alle ins Zentrum des Labyrinthes zu f\u00fchren.<\/p>\n<p style=\"text-align: justify;\"><a href=\"https:\/\/stefanmalsi.de\/blog\/wp-content\/uploads\/2014\/10\/6-Freunde-2.jpg\"><img loading=\"lazy\" decoding=\"async\" class=\"alignnone size-full wp-image-639\" src=\"https:\/\/stefanmalsi.de\/blog\/wp-content\/uploads\/2014\/10\/6-Freunde-2.jpg\" alt=\"6 Freunde 2\" width=\"700\" height=\"184\" srcset=\"https:\/\/stefanmalsi.de\/blog\/wp-content\/uploads\/2014\/10\/6-Freunde-2.jpg 700w, https:\/\/stefanmalsi.de\/blog\/wp-content\/uploads\/2014\/10\/6-Freunde-2-624x164.jpg 624w\" sizes=\"auto, (max-width: 700px) 100vw, 700px\" \/><\/a><\/p>\n","protected":false},"excerpt":{"rendered":"<p>12 Freunde sollt ihr sein! Diese 10 Freunde und 2 Br\u00fcder unseres Helden sind wahrlich unterschiedliche und zugleich gro\u00dfartige Pers\u00f6nlichkeiten. Im Moment sind sie f\u00fcr Au\u00dfenstehende noch nicht als eine Gruppe zu erkennen, dennoch \u201earbeiten\u201c sie auf eigent\u00fcmliche Art l\u00e4ngst zusammen und wenn die Zeit dazu gekommen ist werden wir sie hoffentlich auch einmal als &hellip; <a href=\"https:\/\/stefanmalsi.de\/blog\/impulse\/637\" class=\"more-link\"><span class=\"screen-reader-text\"><\/span> weiterlesen <span class=\"meta-nav\">&rarr;<\/span><\/a><\/p>\n","protected":false},"author":2,"featured_media":0,"comment_status":"closed","ping_status":"closed","sticky":false,"template":"","format":"standard","meta":{"_jetpack_memberships_contains_paid_content":false,"footnotes":""},"categories":[170,3],"tags":[14],"class_list":["post-637","post","type-post","status-publish","format-standard","hentry","category-impulse-2","category-impulse","tag-apostel"],"jetpack_featured_media_url":"","jetpack_sharing_enabled":true,"_links":{"self":[{"href":"https:\/\/stefanmalsi.de\/blog\/wp-json\/wp\/v2\/posts\/637","targetHints":{"allow":["GET"]}}],"collection":[{"href":"https:\/\/stefanmalsi.de\/blog\/wp-json\/wp\/v2\/posts"}],"about":[{"href":"https:\/\/stefanmalsi.de\/blog\/wp-json\/wp\/v2\/types\/post"}],"author":[{"embeddable":true,"href":"https:\/\/stefanmalsi.de\/blog\/wp-json\/wp\/v2\/users\/2"}],"replies":[{"embeddable":true,"href":"https:\/\/stefanmalsi.de\/blog\/wp-json\/wp\/v2\/comments?post=637"}],"version-history":[{"count":3,"href":"https:\/\/stefanmalsi.de\/blog\/wp-json\/wp\/v2\/posts\/637\/revisions"}],"predecessor-version":[{"id":4452,"href":"https:\/\/stefanmalsi.de\/blog\/wp-json\/wp\/v2\/posts\/637\/revisions\/4452"}],"wp:attachment":[{"href":"https:\/\/stefanmalsi.de\/blog\/wp-json\/wp\/v2\/media?parent=637"}],"wp:term":[{"taxonomy":"category","embeddable":true,"href":"https:\/\/stefanmalsi.de\/blog\/wp-json\/wp\/v2\/categories?post=637"},{"taxonomy":"post_tag","embeddable":true,"href":"https:\/\/stefanmalsi.de\/blog\/wp-json\/wp\/v2\/tags?post=637"}],"curies":[{"name":"wp","href":"https:\/\/api.w.org\/{rel}","templated":true}]}}