{"id":6315,"date":"2016-02-18T06:47:35","date_gmt":"2016-02-18T05:47:35","guid":{"rendered":"https:\/\/stefanmalsi.de\/blog\/?p=6315"},"modified":"2016-10-29T11:25:41","modified_gmt":"2016-10-29T09:25:41","slug":"6315","status":"publish","type":"post","link":"https:\/\/stefanmalsi.de\/blog\/i-postings-2016\/6315","title":{"rendered":""},"content":{"rendered":"<p><img loading=\"lazy\" decoding=\"async\" class=\"alignnone size-full wp-image-6316\" src=\"https:\/\/stefanmalsi.de\/blog\/wp-content\/uploads\/2016\/02\/Weltbewusstsein.jpg\" alt=\"Weltbewusstsein\" width=\"500\" height=\"482\" \/><\/p>\n<h4>Zum Aufbau der Sch\u00f6pfung<\/h4>\n<p style=\"text-align: justify;\">Wir k\u00f6nnen uns zwar kein Bild von Gott machen, aber wir d\u00fcrfen nat\u00fcrlich \u00fcber seine Wesensart und \u00fcber den Aufbau der Sch\u00f6pfung nachdenken. Es gibt wirklich sehr vieles zu kl\u00e4ren, denn die Antworten der Theologie auf Fragen nach dem Aufbau der Sch\u00f6pfung lassen sich nur schwer mit den Erkenntnissen der Naturwissenschaften und der Tiefenpsychologie in Deckung bringen. Um die Ph\u00e4nomene der Welt zu verstehen halte ich es f\u00fcr n\u00fctzlich ein Modell zu entwickeln, mit dem man sich die komplexen Zusammenh\u00e4nge vereinfacht veranschaulichen kann.<\/p>\n<p style=\"text-align: justify;\">Das hier vorgestellte Modell entspricht meiner derzeitigen Vorstellung vom Aufbau des \u201eWeltbewusstseins\u201c, das ich gegen\u00fcber meinem fr\u00fcheren Ansatz um eine Schicht, dem \u201eWeltkollektiv\u201c, erweitert habe. Den Gedanken dazu hatte ich bereits 2006, aber es gelang mir lange Jahre nicht, die Schichtung des \u201ekollektiven Unbewussten\u201c so klar zu erkennen, dass ich sie auch verbalisieren und logisch herleiten konnte. Nach Ostern 2013 aber erkannte ich, dass nur dieser Ansatz die weiterhin vorhandenen negativen F\u00fcgungen erkl\u00e4ren konnte, denn nach der \u201eReinigung der deutschen Kollektivseele\u201c, konnte die \u201eErkrankung des Landeskollektivs\u201c nicht mehr Verursacher davon sein! In der Zeit nach Ostern 2013 bis zum Herbst 2015 erforschte ich die \u201eQualit\u00e4t\u201c der dann sp\u00fcrbaren negativen F\u00fcgungen, konnte aber den Zustand der Weltkollektivseele nicht in Verbindung mit den Ereignissen des Heilsplanes bringen, wie sie in der \u201eOffenbarung des Johannes\u201c beschrieben werden.<\/p>\n<p style=\"text-align: justify;\">Deutlich erkennbar war aber vor allem, dass die negativen Kr\u00e4fte weiter \u201eentfernt\u201c als fr\u00fcher schienen, irgendwie indirekter, daf\u00fcr aber in ihrem Wirken global und in ihrem Wesen bei weitem b\u00f6sartiger und gemeiner, als es in den Jahren zuvor sp\u00fcrbar war. Nach und nach geriet die ganze Welt in Aufruhr und man bekommt den Eindruck nicht los, als ob die Menschheit derzeit vom \u201ekollektiven Wahnsinn mit suizidalen Charakter\u201c erfasst w\u00e4re. Wenn ich es richtig erkannt habe, dann kann ich aber eine Analogie der Welt-Ereignisse mit den Landes-Ereignissen fr\u00fcherer Jahre entdecken und genau daraus eine Schlussfolgerung ziehen, die weitreichende Schl\u00fcsse zul\u00e4sst!<\/p>\n<p style=\"text-align: justify;\"><strong>Vermutung:<\/strong><br \/>\nDie Weltkollektivseele befindet sich derzeit (Feb\/2016) in der 1. Drangsalszeit, wie sie in Kapitel 9, 1-12 der Offenbarung des Johannes beschrieben wird. Diese Zeit wird zu Ostern 2016 zu Ende gehen und der Drache vom Himmel st\u00fcrzen, was immer das auch hei\u00dfen mag! Selbiges Ph\u00e4nomen fand f\u00fcr die \u201edeutsche Kollektivseele\u201c Mitte November 2005 bis Ostern 2006 statt.<\/p>\n<p style=\"text-align: justify;\">Trotz der f\u00fcr \u201enormale Menschen\u201c g\u00e4nzlichen Unverstehbarkeit dieser Ausf\u00fchrungen und so mancher eigener Zweifel daran, will ich meine Erkenntnisse \u00fcber diese Zusammenh\u00e4nge \u00f6ffentlich kundtun, auch in der Hoffnung, anderen Menschen eine m\u00f6gliche Erkl\u00e4rung und Hilfestellung in dieser wirklich \u201eirren\u201c Zeit zu geben. In den kommenden Jahren werde ich dieses \u201eBewusstseinsmodell\u201c mit anderen Mitstreitern diskutieren und den Heilungsverlauf der Weltkollektivseele damit zu erkl\u00e4ren suchen. Stimmt meine Vermutung, dann sollte es in sieben Jahren, nach Ostern 2023, keine negativen F\u00fcgungen auf der Erde mehr geben und das 1000j\u00e4hrige Reich Christi beginnen!<\/p>\n<p style=\"text-align: justify;\">Naja, das schaffen wir dann auch noch, zumal sich das \u201egef\u00fchlte Klima\u201c in unserem Land nach Ostern 2016 doch deutlich verbessern sollte!<\/p>\n","protected":false},"excerpt":{"rendered":"<p>Zum Aufbau der Sch\u00f6pfung Wir k\u00f6nnen uns zwar kein Bild von Gott machen, aber wir d\u00fcrfen nat\u00fcrlich \u00fcber seine Wesensart und \u00fcber den Aufbau der Sch\u00f6pfung nachdenken. Es gibt wirklich sehr vieles zu kl\u00e4ren, denn die Antworten der Theologie auf Fragen nach dem Aufbau der Sch\u00f6pfung lassen sich nur schwer mit den Erkenntnissen der Naturwissenschaften &hellip; <a href=\"https:\/\/stefanmalsi.de\/blog\/i-postings-2016\/6315\" class=\"more-link\"><span class=\"screen-reader-text\"><\/span> weiterlesen <span class=\"meta-nav\">&rarr;<\/span><\/a><\/p>\n","protected":false},"author":2,"featured_media":0,"comment_status":"closed","ping_status":"closed","sticky":false,"template":"","format":"standard","meta":{"_jetpack_memberships_contains_paid_content":false,"footnotes":""},"categories":[178],"tags":[91],"class_list":["post-6315","post","type-post","status-publish","format-standard","hentry","category-i-postings-2016","tag-schoepfung"],"jetpack_featured_media_url":"","jetpack_sharing_enabled":true,"_links":{"self":[{"href":"https:\/\/stefanmalsi.de\/blog\/wp-json\/wp\/v2\/posts\/6315","targetHints":{"allow":["GET"]}}],"collection":[{"href":"https:\/\/stefanmalsi.de\/blog\/wp-json\/wp\/v2\/posts"}],"about":[{"href":"https:\/\/stefanmalsi.de\/blog\/wp-json\/wp\/v2\/types\/post"}],"author":[{"embeddable":true,"href":"https:\/\/stefanmalsi.de\/blog\/wp-json\/wp\/v2\/users\/2"}],"replies":[{"embeddable":true,"href":"https:\/\/stefanmalsi.de\/blog\/wp-json\/wp\/v2\/comments?post=6315"}],"version-history":[{"count":5,"href":"https:\/\/stefanmalsi.de\/blog\/wp-json\/wp\/v2\/posts\/6315\/revisions"}],"predecessor-version":[{"id":6361,"href":"https:\/\/stefanmalsi.de\/blog\/wp-json\/wp\/v2\/posts\/6315\/revisions\/6361"}],"wp:attachment":[{"href":"https:\/\/stefanmalsi.de\/blog\/wp-json\/wp\/v2\/media?parent=6315"}],"wp:term":[{"taxonomy":"category","embeddable":true,"href":"https:\/\/stefanmalsi.de\/blog\/wp-json\/wp\/v2\/categories?post=6315"},{"taxonomy":"post_tag","embeddable":true,"href":"https:\/\/stefanmalsi.de\/blog\/wp-json\/wp\/v2\/tags?post=6315"}],"curies":[{"name":"wp","href":"https:\/\/api.w.org\/{rel}","templated":true}]}}