{"id":6311,"date":"2016-03-21T07:23:20","date_gmt":"2016-03-21T06:23:20","guid":{"rendered":"https:\/\/stefanmalsi.de\/blog\/?p=6311"},"modified":"2020-02-07T22:03:33","modified_gmt":"2020-02-07T21:03:33","slug":"6311","status":"publish","type":"post","link":"https:\/\/stefanmalsi.de\/blog\/i-postings-2016\/6311","title":{"rendered":""},"content":{"rendered":"<p><img loading=\"lazy\" decoding=\"async\" class=\"alignnone size-full wp-image-6312\" src=\"https:\/\/stefanmalsi.de\/blog\/wp-content\/uploads\/2016\/02\/Blog-2016-Parteien.jpg\" alt=\"Blog 2016 Parteien\" width=\"500\" height=\"71\" \/><\/p>\n<h4 style=\"text-align: center;\"><strong>Die Bewusstwerdung der Menschen f\u00fchrt<br \/>\nzur Aufl\u00f6sung der Parteien<\/strong><\/h4>\n<p style=\"text-align: justify;\">Politische Ideologien bewirken bei den Menschen \u00e4hnliche Verhaltensmuster wie es die dogmatischen Religionen tun. Man \u201eglaubt\u201c an sie und f\u00fchlt sich moralisch auf der \u201erichtigen Seite\u201c, wenn man sie nur beharrlich genug verfolgt. Genau das aber trennt die Menschen untereinander und so sind sich \u201epolitische Gegner\u201c meist ebenso spinnefeind wie das radikale Gl\u00e4ubige verschiedener Religionen untereinander sind. Jetzt aber erleben wir in Deutschland etwas, das es so wohl noch nie gegeben hat. Unter dem Druck der Realit\u00e4t verlieren sich die \u201eideologischen Unterschiede\u201c, weil man die Realit\u00e4t nicht mehr durch die \u201eBrille\u201c der Ideologie erkl\u00e4ren und besch\u00f6nigen kann. Die Fakten m\u00fcssen zur Kenntnis genommen und die Probleme gel\u00f6st werden. Auf einmal werden \u201ealte Werte\u201c \u2013 die man jahrzehntelang mit den F\u00fc\u00dfen getreten hat \u2013 wieder in den Mund genommen und zur Grundlage der eigenen Aussagen erkl\u00e4rt. Die Aufrechterhaltung von Sicherheit und Rechtsstaatlichkeit \u2013 eigentlich eine Selbstverst\u00e4ndlichkeit in Deutschland wie man annehmen sollte \u2013 wird neuerdings von Politikern aller Couleur wieder als wichtig angesehen. Bei den Einen geht es ein bisschen schneller, bei den Anderen ein bisschen langsamer, aber der psychologische Prozess, sich von Ideologien abzuwenden und dem \u201egesunden Menschenverstand\u201c zuzuwenden ist ganz offensichtlich eingeleitet! Was geht da ab? Sollte es wirklich m\u00f6glich sein, dass Politiker zu Einsicht f\u00e4hig und zur Wandlung bereit sein k\u00f6nnten?<\/p>\n<p style=\"text-align: justify;\">Vernunft statt Ideologie, Ma\u00dfnehmen am realistisch M\u00f6glichen, den notwendigen Erfolg f\u00fcr das Land im Auge statt parteipolitisches Kalk\u00fcl im Hinterkopf\u2026.. man m\u00f6chte fast ungl\u00e4ubig den Kopf sch\u00fctteln, wenn man sieht, was sich derzeit vor unseren Augen abspielt! Aber das ist erst der Anfang, denn das Heraustreten aus \u201epolitischen Ideologien\u201c ist psychologisch ein Prozess, den man mit dem Begriff: \u201e\u00dcberwindung von Projektionen im kollektiven wie im individuellem Unbewussten\u201c bezeichnen k\u00f6nnte und dieser Prozess hat gerade erst begonnen. Ja, es ist soweit! Jahrelange Vorarbeit durch die Kinder des Lichts und das \u201eGl\u00fcck\u201c, jetzt eine solche nationale Notlage als Anschub zu bekommen, wird die Menschen\u00a0 &#8211; und dazu sollte man auch Politiker z\u00e4hlen \u2013 in unserem Land in Richtung \u201eBefreiung von allen Projektionen\u201c f\u00fchren und in B\u00e4lde das gro\u00dfe Aufwachen einl\u00e4uten!<\/p>\n<p style=\"text-align: justify;\">Damit einher aber wird die Erkenntnis sich verbreiten, dass es in Zukunft nur noch Politik f\u00fcr das Volk und nicht f\u00fcr die Parteien und ihre Funktion\u00e4re geben darf und eben genau damit die Aufl\u00f6sung der Parteien in die G\u00e4nge leiten! Schaut genau hin, Ostern 2017 leben wir in einem ganz anderen Land!<\/p>\n<p><span style=\"color: #0000ff;\">PS: Die Prognose &#8211; Ostern 2017 &#8211; war wohl doch allzu optimistisch!<\/span><\/p>\n","protected":false},"excerpt":{"rendered":"<p>Die Bewusstwerdung der Menschen f\u00fchrt zur Aufl\u00f6sung der Parteien Politische Ideologien bewirken bei den Menschen \u00e4hnliche Verhaltensmuster wie es die dogmatischen Religionen tun. Man \u201eglaubt\u201c an sie und f\u00fchlt sich moralisch auf der \u201erichtigen Seite\u201c, wenn man sie nur beharrlich genug verfolgt. Genau das aber trennt die Menschen untereinander und so sind sich \u201epolitische Gegner\u201c &hellip; <a href=\"https:\/\/stefanmalsi.de\/blog\/i-postings-2016\/6311\" class=\"more-link\"><span class=\"screen-reader-text\"><\/span> weiterlesen <span class=\"meta-nav\">&rarr;<\/span><\/a><\/p>\n","protected":false},"author":2,"featured_media":0,"comment_status":"closed","ping_status":"closed","sticky":false,"template":"","format":"standard","meta":{"_jetpack_memberships_contains_paid_content":false,"footnotes":""},"categories":[178],"tags":[85],"class_list":["post-6311","post","type-post","status-publish","format-standard","hentry","category-i-postings-2016","tag-politik"],"jetpack_featured_media_url":"","jetpack_sharing_enabled":true,"_links":{"self":[{"href":"https:\/\/stefanmalsi.de\/blog\/wp-json\/wp\/v2\/posts\/6311","targetHints":{"allow":["GET"]}}],"collection":[{"href":"https:\/\/stefanmalsi.de\/blog\/wp-json\/wp\/v2\/posts"}],"about":[{"href":"https:\/\/stefanmalsi.de\/blog\/wp-json\/wp\/v2\/types\/post"}],"author":[{"embeddable":true,"href":"https:\/\/stefanmalsi.de\/blog\/wp-json\/wp\/v2\/users\/2"}],"replies":[{"embeddable":true,"href":"https:\/\/stefanmalsi.de\/blog\/wp-json\/wp\/v2\/comments?post=6311"}],"version-history":[{"count":3,"href":"https:\/\/stefanmalsi.de\/blog\/wp-json\/wp\/v2\/posts\/6311\/revisions"}],"predecessor-version":[{"id":6529,"href":"https:\/\/stefanmalsi.de\/blog\/wp-json\/wp\/v2\/posts\/6311\/revisions\/6529"}],"wp:attachment":[{"href":"https:\/\/stefanmalsi.de\/blog\/wp-json\/wp\/v2\/media?parent=6311"}],"wp:term":[{"taxonomy":"category","embeddable":true,"href":"https:\/\/stefanmalsi.de\/blog\/wp-json\/wp\/v2\/categories?post=6311"},{"taxonomy":"post_tag","embeddable":true,"href":"https:\/\/stefanmalsi.de\/blog\/wp-json\/wp\/v2\/tags?post=6311"}],"curies":[{"name":"wp","href":"https:\/\/api.w.org\/{rel}","templated":true}]}}