{"id":6308,"date":"2016-03-14T07:21:21","date_gmt":"2016-03-14T06:21:21","guid":{"rendered":"https:\/\/stefanmalsi.de\/blog\/?p=6308"},"modified":"2016-10-29T11:25:41","modified_gmt":"2016-10-29T09:25:41","slug":"6308","status":"publish","type":"post","link":"https:\/\/stefanmalsi.de\/blog\/i-postings-2016\/6308","title":{"rendered":""},"content":{"rendered":"<p><img loading=\"lazy\" decoding=\"async\" class=\"alignnone size-full wp-image-6309\" src=\"https:\/\/stefanmalsi.de\/blog\/wp-content\/uploads\/2016\/02\/Blog-2016-Jesus-Power.jpg\" alt=\"Blog 2016 Jesus Power\" width=\"500\" height=\"273\" \/><\/p>\n<h4><strong>\u201eMein Reich ist nicht von dieser Welt!\u201c<\/strong><\/h4>\n<p style=\"text-align: justify;\">Heissa, das ist ein Spruch der es wahrlich in sich hat, ist er doch verf\u00fchrerisch verharmlosend, scheinbar naiv und ohne Belang auf das reale Leben, denn das findet ja schlie\u00dflich in dieser Welt statt! Aber, aber, meine Lieben, ihr kennt die Tiefsinnigkeit seiner Worte nicht und habt nicht den leisesten Schimmer davon, dass der \u201eHalunke\u201c einen Trick in diesen Satz eingebaut hat, der da lauten k\u00f6nnte: \u201eaber ich werde die Welt zu meinem Reich hinauff\u00fchren!\u201c. Jaja, ihr h\u00f6rt richtig, Jesus hat durchaus vor sich zum Herrscher dieser Welt aufzuschwingen, nur schwingt nicht er sich \u201eauf\u201c \u2013 das w\u00e4re schlie\u00dflich schon in sich selbst widersinnig -, sondern er l\u00e4sst die Welt solange schwingen, bis sie zu seinem Reich hinaufgeschwungen ist! Das Tolle daran ist, dass der \u201eGauner\u201c einen Trick anwendet, gegen den es auch beim besten Willen keine Gegenwehr gibt, denn er verwendet nur \u201eWaffen\u201c die nicht von dieser Welt, ja sozusagen in dieser Welt unsichtbar, sind. Leise, still und heimlich arbeitet er daran, dass die Welt sich von all dem \u201eSchmutz\u201c befreit, der sie in ihrer Niedrigkeit gefangen h\u00e4lt. Aber nach und nach wird sie sich erheben, wie ein Hei\u00dfluftballon zur gro\u00dfen Fahrt, wird zur Freiheit in Sch\u00f6nheit entr\u00fccken und ganz und gar zu seinem Reich werden.<\/p>\n<p style=\"text-align: justify;\">Als Herrscher wird er jedoch nicht auftreten, sowas braucht es in seinem Reich nicht. Es reicht, wenn alle Menschen erkennen, dass sie dort angekommen sind!<\/p>\n","protected":false},"excerpt":{"rendered":"<p>\u201eMein Reich ist nicht von dieser Welt!\u201c Heissa, das ist ein Spruch der es wahrlich in sich hat, ist er doch verf\u00fchrerisch verharmlosend, scheinbar naiv und ohne Belang auf das reale Leben, denn das findet ja schlie\u00dflich in dieser Welt statt! Aber, aber, meine Lieben, ihr kennt die Tiefsinnigkeit seiner Worte nicht und habt nicht &hellip; <a href=\"https:\/\/stefanmalsi.de\/blog\/i-postings-2016\/6308\" class=\"more-link\"><span class=\"screen-reader-text\"><\/span> weiterlesen <span class=\"meta-nav\">&rarr;<\/span><\/a><\/p>\n","protected":false},"author":2,"featured_media":0,"comment_status":"closed","ping_status":"closed","sticky":false,"template":"","format":"standard","meta":{"_jetpack_memberships_contains_paid_content":false,"footnotes":""},"categories":[178],"tags":[],"class_list":["post-6308","post","type-post","status-publish","format-standard","hentry","category-i-postings-2016"],"jetpack_featured_media_url":"","jetpack_sharing_enabled":true,"_links":{"self":[{"href":"https:\/\/stefanmalsi.de\/blog\/wp-json\/wp\/v2\/posts\/6308","targetHints":{"allow":["GET"]}}],"collection":[{"href":"https:\/\/stefanmalsi.de\/blog\/wp-json\/wp\/v2\/posts"}],"about":[{"href":"https:\/\/stefanmalsi.de\/blog\/wp-json\/wp\/v2\/types\/post"}],"author":[{"embeddable":true,"href":"https:\/\/stefanmalsi.de\/blog\/wp-json\/wp\/v2\/users\/2"}],"replies":[{"embeddable":true,"href":"https:\/\/stefanmalsi.de\/blog\/wp-json\/wp\/v2\/comments?post=6308"}],"version-history":[{"count":1,"href":"https:\/\/stefanmalsi.de\/blog\/wp-json\/wp\/v2\/posts\/6308\/revisions"}],"predecessor-version":[{"id":6310,"href":"https:\/\/stefanmalsi.de\/blog\/wp-json\/wp\/v2\/posts\/6308\/revisions\/6310"}],"wp:attachment":[{"href":"https:\/\/stefanmalsi.de\/blog\/wp-json\/wp\/v2\/media?parent=6308"}],"wp:term":[{"taxonomy":"category","embeddable":true,"href":"https:\/\/stefanmalsi.de\/blog\/wp-json\/wp\/v2\/categories?post=6308"},{"taxonomy":"post_tag","embeddable":true,"href":"https:\/\/stefanmalsi.de\/blog\/wp-json\/wp\/v2\/tags?post=6308"}],"curies":[{"name":"wp","href":"https:\/\/api.w.org\/{rel}","templated":true}]}}