{"id":5570,"date":"2015-01-23T11:00:20","date_gmt":"2015-01-23T09:00:20","guid":{"rendered":"https:\/\/stefanmalsi.de\/blog\/?p=5570"},"modified":"2016-10-29T11:27:56","modified_gmt":"2016-10-29T09:27:56","slug":"5570","status":"publish","type":"post","link":"https:\/\/stefanmalsi.de\/blog\/h-postings-2015\/5570","title":{"rendered":""},"content":{"rendered":"<p><a href=\"https:\/\/stefanmalsi.de\/blog\/wp-content\/uploads\/2015\/01\/pic_757085_full.jpg\"><img loading=\"lazy\" decoding=\"async\" class=\"alignnone size-full wp-image-5571\" src=\"https:\/\/stefanmalsi.de\/blog\/wp-content\/uploads\/2015\/01\/pic_757085_full.jpg\" alt=\"pic_757085_full\" width=\"530\" height=\"174\" \/><\/a><\/p>\n<h4>Frieden f\u00fcr die Ukraine<\/h4>\n<p style=\"text-align: justify;\">Frieden ist das wohl wichtigste Ziel f\u00fcr die Menschheit und man muss es als das Versagen derselben ansehen, dass immer und an allen Orten der Welt niedere Beweggr\u00fcnde zur Zerst\u00f6rung des Friedens und zur Anwendung von Gewalt und zum Krieg f\u00fchren! Machtanspruch, Gier, Dominanzstreben von Kultur und Religion sind solche niederen Beweggr\u00fcnde und wenn man objektiv die Beweggr\u00fcnde der im Konflikt in der Ukraine beteiligten Parteien untersucht, wird man schnell das ganze Repertoire davon finden! Frieden kann nur entstehen, wenn die Konfliktparteien jeden dieser \u201eniederen Beweggr\u00fcnde\u201c bei sich selbst diagnostizieren und \u00fcberwinden und die Welt\u00f6ffentlichkeit genau dies auch vehement einfordert! Ja ich postuliere: Wer auch nur ein einziges \u201estaatliche Interesse\u201c verfolgt, will letzten Endes den Krieg und nicht den Frieden! Wer Frieden will, der will auch die Freiheit und die Selbstbestimmtheit der im Krisengebiet lebenden Menschen und will diese nicht unter seinen Herrschaft- und Kulturbereich zwingen! Es spielt dabei keine Rolle welche \u201eArgumente\u201c vorgetragen werden, es spielen auch die \u201eSchuldfragen\u201c, die zu dem Konflikt gef\u00fchrt haben, keine Rolle, sondern einzig und allein der Wille zum Frieden muss sich bei allen Beteiligten durchsetzen!<\/p>\n<p style=\"text-align: justify;\">Der Weg zu einer friedlichen Welt f\u00fchrt \u00fcber die \u00dcberwindung der eigenen \u201eInteressen\u201c und die bedingungslose F\u00f6rderung der Selbstbestimmheit der Menschen!<\/p>\n<p style=\"text-align: justify;\">Wer keine \u201eInteressen\u201c verfolgt, der kann interessiert dabei zuschauen wof\u00fcr sich die Menschen in der Ostukraine entscheiden. Es ist ihr ureigenes Recht sich in ihrem eigenen kulturellen Befinden zu organisieren, egal ob als Teil einer f\u00f6deralen Ukraine, als eigener Staat, oder als Teil von Russland. Es geht den Rest der Welt n\u00e4mlich nichts an und wer sich auch nur um einen Jota anders verh\u00e4lt oder \u00e4u\u00dfert bringt damit zum Ausdruck, dass er eigentlich ein Feind des Friedens ist, mag er es auch noch so verlogen verschleiern!<\/p>\n","protected":false},"excerpt":{"rendered":"<p>Frieden f\u00fcr die Ukraine Frieden ist das wohl wichtigste Ziel f\u00fcr die Menschheit und man muss es als das Versagen derselben ansehen, dass immer und an allen Orten der Welt niedere Beweggr\u00fcnde zur Zerst\u00f6rung des Friedens und zur Anwendung von Gewalt und zum Krieg f\u00fchren! Machtanspruch, Gier, Dominanzstreben von Kultur und Religion sind solche niederen &hellip; <a href=\"https:\/\/stefanmalsi.de\/blog\/h-postings-2015\/5570\" class=\"more-link\"><span class=\"screen-reader-text\"><\/span> weiterlesen <span class=\"meta-nav\">&rarr;<\/span><\/a><\/p>\n","protected":false},"author":2,"featured_media":0,"comment_status":"closed","ping_status":"closed","sticky":false,"template":"","format":"standard","meta":{"_jetpack_memberships_contains_paid_content":false,"footnotes":""},"categories":[174],"tags":[175,85],"class_list":["post-5570","post","type-post","status-publish","format-standard","hentry","category-h-postings-2015","tag-frieden","tag-politik"],"jetpack_featured_media_url":"","jetpack_sharing_enabled":true,"_links":{"self":[{"href":"https:\/\/stefanmalsi.de\/blog\/wp-json\/wp\/v2\/posts\/5570","targetHints":{"allow":["GET"]}}],"collection":[{"href":"https:\/\/stefanmalsi.de\/blog\/wp-json\/wp\/v2\/posts"}],"about":[{"href":"https:\/\/stefanmalsi.de\/blog\/wp-json\/wp\/v2\/types\/post"}],"author":[{"embeddable":true,"href":"https:\/\/stefanmalsi.de\/blog\/wp-json\/wp\/v2\/users\/2"}],"replies":[{"embeddable":true,"href":"https:\/\/stefanmalsi.de\/blog\/wp-json\/wp\/v2\/comments?post=5570"}],"version-history":[{"count":1,"href":"https:\/\/stefanmalsi.de\/blog\/wp-json\/wp\/v2\/posts\/5570\/revisions"}],"predecessor-version":[{"id":5572,"href":"https:\/\/stefanmalsi.de\/blog\/wp-json\/wp\/v2\/posts\/5570\/revisions\/5572"}],"wp:attachment":[{"href":"https:\/\/stefanmalsi.de\/blog\/wp-json\/wp\/v2\/media?parent=5570"}],"wp:term":[{"taxonomy":"category","embeddable":true,"href":"https:\/\/stefanmalsi.de\/blog\/wp-json\/wp\/v2\/categories?post=5570"},{"taxonomy":"post_tag","embeddable":true,"href":"https:\/\/stefanmalsi.de\/blog\/wp-json\/wp\/v2\/tags?post=5570"}],"curies":[{"name":"wp","href":"https:\/\/api.w.org\/{rel}","templated":true}]}}