{"id":3727,"date":"2014-10-08T19:55:24","date_gmt":"2014-10-08T17:55:24","guid":{"rendered":"https:\/\/stefanmalsi.de\/blog\/?p=3727"},"modified":"2016-10-29T11:28:35","modified_gmt":"2016-10-29T09:28:35","slug":"3727","status":"publish","type":"post","link":"https:\/\/stefanmalsi.de\/blog\/gedanken2014\/3727","title":{"rendered":""},"content":{"rendered":"<p><a href=\"https:\/\/stefanmalsi.de\/blog\/wp-content\/uploads\/2014\/10\/4990-keine_macht_den_doofen-300x237.jpg\"><img loading=\"lazy\" decoding=\"async\" class=\"alignnone size-full wp-image-3728\" src=\"https:\/\/stefanmalsi.de\/blog\/wp-content\/uploads\/2014\/10\/4990-keine_macht_den_doofen-300x237.jpg\" alt=\"4990-keine_macht_den_doofen-300x237\" width=\"700\" height=\"237\" srcset=\"https:\/\/stefanmalsi.de\/blog\/wp-content\/uploads\/2014\/10\/4990-keine_macht_den_doofen-300x237.jpg 700w, https:\/\/stefanmalsi.de\/blog\/wp-content\/uploads\/2014\/10\/4990-keine_macht_den_doofen-300x237-624x211.jpg 624w\" sizes=\"auto, (max-width: 700px) 100vw, 700px\" \/><\/a><\/p>\n<h4 style=\"text-align: justify;\">H\u00f6rt, H\u00f6rt! \u2013 Die Dummheit ist also doch besiegbar!<\/h4>\n<p style=\"text-align: justify;\"><a href=\"http:\/\/info.kopp-verlag.de\/hintergruende\/geostrategie\/redaktion\/journalisten-manipulieren-uns-im-interesse-der-maechtigen.html\" target=\"_blank\">http:\/\/info.kopp-verlag.de\/hintergruende\/geostrategie\/redaktion\/journalisten-manipulieren-uns-im-interesse-der-maechtigen.html<\/a><\/p>\n<p style=\"text-align: justify;\"><a href=\"http:\/\/www.zeit.de\/politik\/ausland\/2014-09\/eu-usa-ttip-freihandelsabkommen-investorenschutz\" target=\"_blank\">http:\/\/www.zeit.de\/politik\/ausland\/2014-09\/eu-usa-ttip-freihandelsabkommen-investorenschutz<\/a><\/p>\n<p style=\"text-align: justify;\">Es ist ja nicht von der Hand zu weisen, dass man in unserem Land schon einige positive Ver\u00e4nderungen entdecken kann. Die Mainstreamer werden zahmer und m\u00fcssen sich von Insidern die Leviten lesen lassen, Politiker infinitesimal weniger bl\u00f6d, sofern man einmal von Herrn Obama absieht, der immer noch von der US-Weltherrschaft tr\u00e4umt, oder Herrn Barroso ausblendet, der CETA immer noch unver\u00e4ndert durchsetzen m\u00f6chte, und selbst Bisch\u00f6fe denken dar\u00fcber nach ob sie \u00fcber die Freiheit der Lebensgestaltung doch zumindest einmal nachdenken sollten. Immerhin etwas, denn wir sind ja viel Kummer gewohnt und wollen uns daher solchen ersten Tendenzen der Entdoofung wohlwollend gegen\u00fcber verhalten. Nur gut, dass das Internet nichts vergisst, denn wir werden bald in eine Zeit kommen, in der die \u201eWendeh\u00e4lse\u201c wie die Pilze aus dem Boden schie\u00dfen werden und uns dann allen Ernstes ihr fr\u00fcheres Verhalten und Einstellung als zeitbedingt notwendig verkaufen wollen! Tja, vermutlich werden wir sie damit sogar durchkommen lassen m\u00fcssen, denn sonst h\u00f6rt der Zank ja nie auf, aber so manchem unappetitlichen Zeitgenosssen wird man dann doch empfehlen d\u00fcrfen, sich mal aus der \u00f6ffentlichen Wahrnehmung heraus zu nehmen und wenigstens 7 Jahre lang den Mund zu halten!<\/p>\n<p style=\"text-align: justify;\">Versucht man den wahrnehmbaren kollektiven Wandel mit den typischen Erlebnissen einer \u201eliebevollen Wegbegleitung ins Licht\u201c zu vergleichen, dann kann man sich einer gewissen Vorfreude nicht entziehen. Trotz aller noch vorhandenen \u201eBosheiten\u201c und \u201eDummheiten\u201c vieler Menschen in unserem Land, ist es sp\u00fcrbar, dass die \u201eAufwallung des B\u00f6sen\u201c seinen H\u00f6hepunkt \u00fcberschritten hat und die gesamte Gesellschaft sich in Richtung des Aufwachens bewegt. Man muss den \u201eKriegstreibern und US-Vasallen\u201c zwar nicht gerade dankbar sein, aber ihr ma\u00dflos dummes Verhalten hat den Prozess der \u201eEntbl\u00f6dung\u201c kraftvoll voran geschoben und so tragen gerade die b\u00f6sartigsten Spezies durch ihr Verhalten dazu bei, dass wir bald an den Punkt gelangen, nach dem wir uns alle so lange schon sehnen! Es kann also nur noch besser werden und die letzten Tage stehen wir dann auch noch durch!<\/p>\n","protected":false},"excerpt":{"rendered":"<p>H\u00f6rt, H\u00f6rt! \u2013 Die Dummheit ist also doch besiegbar! http:\/\/info.kopp-verlag.de\/hintergruende\/geostrategie\/redaktion\/journalisten-manipulieren-uns-im-interesse-der-maechtigen.html http:\/\/www.zeit.de\/politik\/ausland\/2014-09\/eu-usa-ttip-freihandelsabkommen-investorenschutz Es ist ja nicht von der Hand zu weisen, dass man in unserem Land schon einige positive Ver\u00e4nderungen entdecken kann. Die Mainstreamer werden zahmer und m\u00fcssen sich von Insidern die Leviten lesen lassen, Politiker infinitesimal weniger bl\u00f6d, sofern man einmal von Herrn Obama absieht, &hellip; <a href=\"https:\/\/stefanmalsi.de\/blog\/gedanken2014\/3727\" class=\"more-link\"><span class=\"screen-reader-text\"><\/span> weiterlesen <span class=\"meta-nav\">&rarr;<\/span><\/a><\/p>\n","protected":false},"author":2,"featured_media":0,"comment_status":"closed","ping_status":"closed","sticky":false,"template":"","format":"standard","meta":{"_jetpack_memberships_contains_paid_content":false,"footnotes":""},"categories":[7],"tags":[],"class_list":["post-3727","post","type-post","status-publish","format-standard","hentry","category-gedanken2014"],"jetpack_featured_media_url":"","jetpack_sharing_enabled":true,"_links":{"self":[{"href":"https:\/\/stefanmalsi.de\/blog\/wp-json\/wp\/v2\/posts\/3727","targetHints":{"allow":["GET"]}}],"collection":[{"href":"https:\/\/stefanmalsi.de\/blog\/wp-json\/wp\/v2\/posts"}],"about":[{"href":"https:\/\/stefanmalsi.de\/blog\/wp-json\/wp\/v2\/types\/post"}],"author":[{"embeddable":true,"href":"https:\/\/stefanmalsi.de\/blog\/wp-json\/wp\/v2\/users\/2"}],"replies":[{"embeddable":true,"href":"https:\/\/stefanmalsi.de\/blog\/wp-json\/wp\/v2\/comments?post=3727"}],"version-history":[{"count":5,"href":"https:\/\/stefanmalsi.de\/blog\/wp-json\/wp\/v2\/posts\/3727\/revisions"}],"predecessor-version":[{"id":5414,"href":"https:\/\/stefanmalsi.de\/blog\/wp-json\/wp\/v2\/posts\/3727\/revisions\/5414"}],"wp:attachment":[{"href":"https:\/\/stefanmalsi.de\/blog\/wp-json\/wp\/v2\/media?parent=3727"}],"wp:term":[{"taxonomy":"category","embeddable":true,"href":"https:\/\/stefanmalsi.de\/blog\/wp-json\/wp\/v2\/categories?post=3727"},{"taxonomy":"post_tag","embeddable":true,"href":"https:\/\/stefanmalsi.de\/blog\/wp-json\/wp\/v2\/tags?post=3727"}],"curies":[{"name":"wp","href":"https:\/\/api.w.org\/{rel}","templated":true}]}}