{"id":3251,"date":"2014-10-07T19:40:22","date_gmt":"2014-10-07T17:40:22","guid":{"rendered":"https:\/\/stefanmalsi.de\/blog\/?p=3251"},"modified":"2016-10-29T11:30:05","modified_gmt":"2016-10-29T09:30:05","slug":"3251","status":"publish","type":"post","link":"https:\/\/stefanmalsi.de\/blog\/gedanken2014\/3251","title":{"rendered":""},"content":{"rendered":"<p><a href=\"https:\/\/stefanmalsi.de\/blog\/wp-content\/uploads\/2014\/10\/Summer-peace-2014.jpg\"><img loading=\"lazy\" decoding=\"async\" class=\"alignnone size-full wp-image-3252\" src=\"https:\/\/stefanmalsi.de\/blog\/wp-content\/uploads\/2014\/10\/Summer-peace-2014.jpg\" alt=\"Summer peace 2014\" width=\"500\" height=\"137\" \/><\/a><\/p>\n<h4><strong>Gedanken zum Stand der Entwicklung<\/strong><\/h4>\n<p style=\"text-align: justify;\">Vieles wurde schon geschrieben \u00fcber den Zeitpunkt des gro\u00dfen \u201eBewusstseinsaufstieges\u201c und auch ich habe mich jahrelang an den Spekulationen beteiligt und ebenso jahrelang mit meinen Prognosen daneben gelegen. Jetzt aber sind wir mitten in dem Wandel selbst angekommen und k\u00f6nnen die Ver\u00e4nderungen des Weltbewusstseins schon t\u00e4glich beobachten. Es ist ein Prozess der da stattfindet und der von unsichtbaren Meilensteinen flankiert wird. Gestern wurde nach meiner Wahrnehmung wieder ein solcher Meilenstein erreicht. Es war der Johannistag 2014 der mir \u2013 und vielleicht eben auch nur mir \u2013 angezeigt hat, dass wir jetzt in den \u201eSummer of Peace 2014\u201c gelangen und die Kr\u00e4fte des Guten die Oberhand gewinnen werden. Gro\u00dfartige Ereignisse warten noch auf uns, aber sie werden sich weiterhin schleichend einstellen und die Machtverh\u00e4ltnisse auf der Erde f\u00fcr immer ver\u00e4ndern. Freut euch, freut euch aus ganzem Herzen, denn der Herr wird halten was ER versprach!<\/p>\n<p style=\"text-align: justify;\">\n","protected":false},"excerpt":{"rendered":"<p>Gedanken zum Stand der Entwicklung Vieles wurde schon geschrieben \u00fcber den Zeitpunkt des gro\u00dfen \u201eBewusstseinsaufstieges\u201c und auch ich habe mich jahrelang an den Spekulationen beteiligt und ebenso jahrelang mit meinen Prognosen daneben gelegen. Jetzt aber sind wir mitten in dem Wandel selbst angekommen und k\u00f6nnen die Ver\u00e4nderungen des Weltbewusstseins schon t\u00e4glich beobachten. Es ist ein &hellip; <a href=\"https:\/\/stefanmalsi.de\/blog\/gedanken2014\/3251\" class=\"more-link\"><span class=\"screen-reader-text\"><\/span> weiterlesen <span class=\"meta-nav\">&rarr;<\/span><\/a><\/p>\n","protected":false},"author":2,"featured_media":0,"comment_status":"closed","ping_status":"closed","sticky":false,"template":"","format":"standard","meta":{"_jetpack_memberships_contains_paid_content":false,"footnotes":""},"categories":[7],"tags":[],"class_list":["post-3251","post","type-post","status-publish","format-standard","hentry","category-gedanken2014"],"jetpack_featured_media_url":"","jetpack_sharing_enabled":true,"_links":{"self":[{"href":"https:\/\/stefanmalsi.de\/blog\/wp-json\/wp\/v2\/posts\/3251","targetHints":{"allow":["GET"]}}],"collection":[{"href":"https:\/\/stefanmalsi.de\/blog\/wp-json\/wp\/v2\/posts"}],"about":[{"href":"https:\/\/stefanmalsi.de\/blog\/wp-json\/wp\/v2\/types\/post"}],"author":[{"embeddable":true,"href":"https:\/\/stefanmalsi.de\/blog\/wp-json\/wp\/v2\/users\/2"}],"replies":[{"embeddable":true,"href":"https:\/\/stefanmalsi.de\/blog\/wp-json\/wp\/v2\/comments?post=3251"}],"version-history":[{"count":2,"href":"https:\/\/stefanmalsi.de\/blog\/wp-json\/wp\/v2\/posts\/3251\/revisions"}],"predecessor-version":[{"id":4195,"href":"https:\/\/stefanmalsi.de\/blog\/wp-json\/wp\/v2\/posts\/3251\/revisions\/4195"}],"wp:attachment":[{"href":"https:\/\/stefanmalsi.de\/blog\/wp-json\/wp\/v2\/media?parent=3251"}],"wp:term":[{"taxonomy":"category","embeddable":true,"href":"https:\/\/stefanmalsi.de\/blog\/wp-json\/wp\/v2\/categories?post=3251"},{"taxonomy":"post_tag","embeddable":true,"href":"https:\/\/stefanmalsi.de\/blog\/wp-json\/wp\/v2\/tags?post=3251"}],"curies":[{"name":"wp","href":"https:\/\/api.w.org\/{rel}","templated":true}]}}