{"id":2977,"date":"2014-10-07T12:20:39","date_gmt":"2014-10-07T10:20:39","guid":{"rendered":"https:\/\/stefanmalsi.de\/blog\/?p=2977"},"modified":"2019-08-19T11:39:34","modified_gmt":"2019-08-19T09:39:34","slug":"2977","status":"publish","type":"post","link":"https:\/\/stefanmalsi.de\/blog\/denkanstoessehs\/2977","title":{"rendered":""},"content":{"rendered":"<p><a href=\"https:\/\/stefanmalsi.de\/blog\/wp-content\/uploads\/2014\/10\/das-Vogelk\u00e4figmodell.jpg\"><img loading=\"lazy\" decoding=\"async\" class=\"alignnone size-full wp-image-2978\" src=\"https:\/\/stefanmalsi.de\/blog\/wp-content\/uploads\/2014\/10\/das-Vogelk\u00e4figmodell.jpg\" alt=\"das Vogelk\u00e4figmodell\" width=\"530\" height=\"350\" \/><\/a><\/p>\n<h4 style=\"text-align: center;\"><strong>Das Vogelk\u00e4figmodell<br \/>\n<\/strong><strong>\u2013 Gedanken zur Veranschaulichung<\/strong><\/h4>\n<p style=\"text-align: justify;\">Man stelle sich einfach einmal vor, dass es sich mit dem Bewusstsein des Menschen so verhalten w\u00fcrde wie mit einem Vogel in einem mehrfach ineinander verschachtelten K\u00e4fig. Innerhalb seines K\u00e4figs kann sich der Vogel scheinbar frei bewegen und sein Leben folgt seinen eigenen Entscheidungen, die Begrenzungen kann er aber zun\u00e4chst nicht \u00fcberwinden. Was der Vogel zudem nicht mitbekommt ist die Reise des K\u00e4figs durch Raum und Zeit, denn dieser h\u00e4ngt an einem seidenen Faden den der Vogel nicht wahrnehmen kann. Mit zunehmendem Freiheitsdrang st\u00f6rt sich der Vogel eines Tages an den Begrenzungen und durch einen Kniff gelingt ihm die Flucht aus dem K\u00e4fig heraus. Die neue Freiheit scheint grenzenlos, der n\u00e4chst gr\u00f6\u00dfere K\u00e4fig wird anfangs gar nicht als Begrenzung wahrgenommen denn der neue Freiraum kann nach freiem Belieben erkundet werden. Noch viel weniger kann der Vogel erkennen, dass auch dieser K\u00e4fig am seidenen Faden h\u00e4ngt und ein \u201eMarionettenspieler\u201c irgendwo im Unendlichen die F\u00e4den in der Hand h\u00e4lt. Das kann man sich nun leicht mehrfach gestaffelt vorstellen und daher kann sich kein \u201eVogel\u201c je sicher sein, dass er allen K\u00e4figen entflohen ist. Ich glaube sogar, dass das gar nicht geht, aber man munkelt, dass ein Adler sich soweit befreien kann, dass er in der Lage sein soll dem Marionettenspieler bei der Arbeit zuzusehen. Na, hoffentlich ergeht es ihm nicht wie weiland einst Ikarus, aber ein k\u00f6nigliches Gef\u00fchl der Freiheit wird das ganz bestimmt sein!<\/p>\n","protected":false},"excerpt":{"rendered":"<p>Das Vogelk\u00e4figmodell \u2013 Gedanken zur Veranschaulichung Man stelle sich einfach einmal vor, dass es sich mit dem Bewusstsein des Menschen so verhalten w\u00fcrde wie mit einem Vogel in einem mehrfach ineinander verschachtelten K\u00e4fig. Innerhalb seines K\u00e4figs kann sich der Vogel scheinbar frei bewegen und sein Leben folgt seinen eigenen Entscheidungen, die Begrenzungen kann er aber &hellip; <a href=\"https:\/\/stefanmalsi.de\/blog\/denkanstoessehs\/2977\" class=\"more-link\"><span class=\"screen-reader-text\"><\/span> weiterlesen <span class=\"meta-nav\">&rarr;<\/span><\/a><\/p>\n","protected":false},"author":2,"featured_media":0,"comment_status":"closed","ping_status":"closed","sticky":false,"template":"","format":"standard","meta":{"_jetpack_memberships_contains_paid_content":false,"footnotes":""},"categories":[162,6],"tags":[45,135],"class_list":["post-2977","post","type-post","status-publish","format-standard","hentry","category-denkanstoesse-hs-07","category-denkanstoessehs","tag-freiheit","tag-spiritualitaet"],"jetpack_featured_media_url":"","jetpack_sharing_enabled":true,"_links":{"self":[{"href":"https:\/\/stefanmalsi.de\/blog\/wp-json\/wp\/v2\/posts\/2977","targetHints":{"allow":["GET"]}}],"collection":[{"href":"https:\/\/stefanmalsi.de\/blog\/wp-json\/wp\/v2\/posts"}],"about":[{"href":"https:\/\/stefanmalsi.de\/blog\/wp-json\/wp\/v2\/types\/post"}],"author":[{"embeddable":true,"href":"https:\/\/stefanmalsi.de\/blog\/wp-json\/wp\/v2\/users\/2"}],"replies":[{"embeddable":true,"href":"https:\/\/stefanmalsi.de\/blog\/wp-json\/wp\/v2\/comments?post=2977"}],"version-history":[{"count":2,"href":"https:\/\/stefanmalsi.de\/blog\/wp-json\/wp\/v2\/posts\/2977\/revisions"}],"predecessor-version":[{"id":4256,"href":"https:\/\/stefanmalsi.de\/blog\/wp-json\/wp\/v2\/posts\/2977\/revisions\/4256"}],"wp:attachment":[{"href":"https:\/\/stefanmalsi.de\/blog\/wp-json\/wp\/v2\/media?parent=2977"}],"wp:term":[{"taxonomy":"category","embeddable":true,"href":"https:\/\/stefanmalsi.de\/blog\/wp-json\/wp\/v2\/categories?post=2977"},{"taxonomy":"post_tag","embeddable":true,"href":"https:\/\/stefanmalsi.de\/blog\/wp-json\/wp\/v2\/tags?post=2977"}],"curies":[{"name":"wp","href":"https:\/\/api.w.org\/{rel}","templated":true}]}}