{"id":2483,"date":"2014-10-06T16:01:04","date_gmt":"2014-10-06T14:01:04","guid":{"rendered":"https:\/\/stefanmalsi.de\/blog\/?p=2483"},"modified":"2016-10-29T12:09:22","modified_gmt":"2016-10-29T10:09:22","slug":"2483","status":"publish","type":"post","link":"https:\/\/stefanmalsi.de\/blog\/denkanstoessehs\/2483","title":{"rendered":""},"content":{"rendered":"<p><a href=\"https:\/\/stefanmalsi.de\/blog\/wp-content\/uploads\/2014\/10\/Tr\u00e4ume-und-Sch\u00e4ume.jpg\"><img loading=\"lazy\" decoding=\"async\" class=\"alignnone size-full wp-image-2482\" src=\"https:\/\/stefanmalsi.de\/blog\/wp-content\/uploads\/2014\/10\/Tr\u00e4ume-und-Sch\u00e4ume.jpg\" alt=\"Tr\u00e4ume und Sch\u00e4ume\" width=\"700\" height=\"170\" srcset=\"https:\/\/stefanmalsi.de\/blog\/wp-content\/uploads\/2014\/10\/Tr\u00e4ume-und-Sch\u00e4ume.jpg 700w, https:\/\/stefanmalsi.de\/blog\/wp-content\/uploads\/2014\/10\/Tr\u00e4ume-und-Sch\u00e4ume-624x151.jpg 624w\" sizes=\"auto, (max-width: 700px) 100vw, 700px\" \/><\/a><\/p>\n<h4><strong>Tr\u00e4ume \u2013 Tr\u00e4nen \u2013 Hoffnung<\/strong><\/h4>\n<p style=\"text-align: justify;\">In der \u201ealten Zeit\u201c gab es bestimmte Lebensmuster die scheinbar unabh\u00e4ngig von Kultur, Zeit und Ort immer wieder auftauchten. Eines dieser Muster m\u00f6chte ich \u201eTr\u00e4ume \u2013 Tr\u00e4nen \u2013 Hoffnung\u201c nennen, denn immer wieder wurden die Tr\u00e4ume von Menschen zerst\u00f6rt, folgten Jahre der Tr\u00e4nen um am Ende mit neuer Hoffnung ins Leben zur\u00fcck zu finden. Viele Lebensweisheiten basieren auf der Beobachtung, dass dieses Muster sogar zur Vertiefung der Pers\u00f6nlichkeit beitr\u00e4gt und somit insgesamt positiv zu werten sei. Hier m\u00f6chte ich vorsichtig widersprechen, denn f\u00fcr das Kapitel \u201eTr\u00e4nen\u201c ist nie Gott verantwortlich, sondern immer \u201edas B\u00f6se\u201c, Gott versucht nur aus dem Dilemma noch das Beste zu machen und das tr\u00e4gt generell zur \u00dcberwindung des B\u00f6sen bei und l\u00e4sst die Pers\u00f6nlichkeit dabei reifen! Meinen Kindern jedenfalls w\u00fcnsche ich ein Leben ohne \u201eTr\u00e4nenphasen\u201c, zur Reifung sind sie n\u00e4mlich gar nicht notwendig!<\/p>\n","protected":false},"excerpt":{"rendered":"<p>Tr\u00e4ume \u2013 Tr\u00e4nen \u2013 Hoffnung In der \u201ealten Zeit\u201c gab es bestimmte Lebensmuster die scheinbar unabh\u00e4ngig von Kultur, Zeit und Ort immer wieder auftauchten. Eines dieser Muster m\u00f6chte ich \u201eTr\u00e4ume \u2013 Tr\u00e4nen \u2013 Hoffnung\u201c nennen, denn immer wieder wurden die Tr\u00e4ume von Menschen zerst\u00f6rt, folgten Jahre der Tr\u00e4nen um am Ende mit neuer Hoffnung ins &hellip; <a href=\"https:\/\/stefanmalsi.de\/blog\/denkanstoessehs\/2483\" class=\"more-link\"><span class=\"screen-reader-text\"><\/span> weiterlesen <span class=\"meta-nav\">&rarr;<\/span><\/a><\/p>\n","protected":false},"author":2,"featured_media":0,"comment_status":"closed","ping_status":"closed","sticky":false,"template":"","format":"standard","meta":{"_jetpack_memberships_contains_paid_content":false,"footnotes":""},"categories":[164,6],"tags":[],"class_list":["post-2483","post","type-post","status-publish","format-standard","hentry","category-denkanstoesse-hs-05","category-denkanstoessehs"],"jetpack_featured_media_url":"","jetpack_sharing_enabled":true,"_links":{"self":[{"href":"https:\/\/stefanmalsi.de\/blog\/wp-json\/wp\/v2\/posts\/2483","targetHints":{"allow":["GET"]}}],"collection":[{"href":"https:\/\/stefanmalsi.de\/blog\/wp-json\/wp\/v2\/posts"}],"about":[{"href":"https:\/\/stefanmalsi.de\/blog\/wp-json\/wp\/v2\/types\/post"}],"author":[{"embeddable":true,"href":"https:\/\/stefanmalsi.de\/blog\/wp-json\/wp\/v2\/users\/2"}],"replies":[{"embeddable":true,"href":"https:\/\/stefanmalsi.de\/blog\/wp-json\/wp\/v2\/comments?post=2483"}],"version-history":[{"count":2,"href":"https:\/\/stefanmalsi.de\/blog\/wp-json\/wp\/v2\/posts\/2483\/revisions"}],"predecessor-version":[{"id":4591,"href":"https:\/\/stefanmalsi.de\/blog\/wp-json\/wp\/v2\/posts\/2483\/revisions\/4591"}],"wp:attachment":[{"href":"https:\/\/stefanmalsi.de\/blog\/wp-json\/wp\/v2\/media?parent=2483"}],"wp:term":[{"taxonomy":"category","embeddable":true,"href":"https:\/\/stefanmalsi.de\/blog\/wp-json\/wp\/v2\/categories?post=2483"},{"taxonomy":"post_tag","embeddable":true,"href":"https:\/\/stefanmalsi.de\/blog\/wp-json\/wp\/v2\/tags?post=2483"}],"curies":[{"name":"wp","href":"https:\/\/api.w.org\/{rel}","templated":true}]}}