{"id":2479,"date":"2014-10-06T16:00:15","date_gmt":"2014-10-06T14:00:15","guid":{"rendered":"https:\/\/stefanmalsi.de\/blog\/?p=2479"},"modified":"2016-10-29T12:09:22","modified_gmt":"2016-10-29T10:09:22","slug":"2479","status":"publish","type":"post","link":"https:\/\/stefanmalsi.de\/blog\/denkanstoessehs\/2479","title":{"rendered":""},"content":{"rendered":"<p><a href=\"https:\/\/stefanmalsi.de\/blog\/wp-content\/uploads\/2014\/10\/S\u00fcndenfall-Seelenspaltung.jpg\"><img loading=\"lazy\" decoding=\"async\" class=\"alignnone size-full wp-image-2480\" src=\"https:\/\/stefanmalsi.de\/blog\/wp-content\/uploads\/2014\/10\/S\u00fcndenfall-Seelenspaltung.jpg\" alt=\"S\u00fcndenfall Seelenspaltung\" width=\"700\" height=\"173\" srcset=\"https:\/\/stefanmalsi.de\/blog\/wp-content\/uploads\/2014\/10\/S\u00fcndenfall-Seelenspaltung.jpg 700w, https:\/\/stefanmalsi.de\/blog\/wp-content\/uploads\/2014\/10\/S\u00fcndenfall-Seelenspaltung-624x154.jpg 624w\" sizes=\"auto, (max-width: 700px) 100vw, 700px\" \/><\/a><\/p>\n<h4><strong>S\u00fcndenfall = Spaltung der Pers\u00f6nlichkeit?<\/strong><\/h4>\n<p style=\"text-align: justify;\">In vielen Religionen gibt es den Mythos, dass es in grauer Vorzeit ein Paradies gegeben hat und die Menschen durch eigene Schuld aus diesem Paradies vertrieben worden sind. Nun ist das ja mit der Evolutionstheorie grad gar nicht in \u00dcbereinstimmung zu bringen und so bleibt uns wieder einmal nur unseren Verstand als Instrument der Wahl zu benutzen.<\/p>\n<p style=\"text-align: justify;\">Setzen wir einmal voraus, dass unser Bewusstsein v\u00f6llig analog zu unseren K\u00f6rpern im Laufe der Evolution entstanden ist und dass wir eben die ersten Inkarnationen vom Bewusstsein auf der Stufe von Tieren gelebt haben, dann lebten wir damals nat\u00fcrlich \u201efrei von S\u00fcnde\u201c. Dieser Zustand war n\u00e4mlich insofern \u201eparadiesisch\u201c da es in der Lebensform der Tiere keine Schuld oder S\u00fcnde nach unserem Verst\u00e4ndnis gibt. Es muss also im \u00dcbergang zum ersten \u201eMenschenbewusstsein\u201c etwas eingetreten sein, dass zun\u00e4chst einmal zu einem Schuldbewusstsein f\u00fchrte welches dann nach und nach zu einer Erkrankung bzw. Spaltung dieses Bewusstseins gef\u00fchrt hat. Und genau das schildert uns die Bibel wenn sie uns von Adam und Eva erz\u00e4hlt. Mit der Entstehung menschlichen Bewusstseins entsteht auch die F\u00e4higkeit zur Spiritualit\u00e4t und nur unter diesem Hintergrund wird das immer noch vorherrschende tierische Verhalten nach und nach als s\u00fcndhaft wahrgenommen! S\u00fcnde und Schuld werden erst unter diesem neuen Ma\u00dfstab \u00fcberhaupt erkennbar, wobei die F\u00e4higkeit \u201es\u00fcndfrei\u201c zu leben aber bei weitem noch nicht gegeben war. Die Diskrepanz zwischen noch tierischer Existenz und sich entwickelten menschlichen Wertesystem aber f\u00fchrte zur Aufspaltung des wachsenden Bewusstseins und die Geschichte nimmt ihren Lauf! Die Erz\u00e4hlung von Adam und Eva wird mit diesen Vor\u00fcberlegungen aber durchaus verst\u00e4ndlich, nur das was der Erz\u00e4hler \u00fcber Gott da noch alles hineinphantasiert hat wollen wir heute nat\u00fcrlich \u00fcberwinden und von den Fr\u00fcchten des Erkenntnisbaumes soviel essen wie wir \u00fcberhaupt nur k\u00f6nnen!<\/p>\n","protected":false},"excerpt":{"rendered":"<p>S\u00fcndenfall = Spaltung der Pers\u00f6nlichkeit? In vielen Religionen gibt es den Mythos, dass es in grauer Vorzeit ein Paradies gegeben hat und die Menschen durch eigene Schuld aus diesem Paradies vertrieben worden sind. Nun ist das ja mit der Evolutionstheorie grad gar nicht in \u00dcbereinstimmung zu bringen und so bleibt uns wieder einmal nur unseren &hellip; <a href=\"https:\/\/stefanmalsi.de\/blog\/denkanstoessehs\/2479\" class=\"more-link\"><span class=\"screen-reader-text\"><\/span> weiterlesen <span class=\"meta-nav\">&rarr;<\/span><\/a><\/p>\n","protected":false},"author":2,"featured_media":0,"comment_status":"closed","ping_status":"closed","sticky":false,"template":"","format":"standard","meta":{"_jetpack_memberships_contains_paid_content":false,"footnotes":""},"categories":[164,6],"tags":[23,103],"class_list":["post-2479","post","type-post","status-publish","format-standard","hentry","category-denkanstoesse-hs-05","category-denkanstoessehs","tag-boese","tag-suende"],"jetpack_featured_media_url":"","jetpack_sharing_enabled":true,"_links":{"self":[{"href":"https:\/\/stefanmalsi.de\/blog\/wp-json\/wp\/v2\/posts\/2479","targetHints":{"allow":["GET"]}}],"collection":[{"href":"https:\/\/stefanmalsi.de\/blog\/wp-json\/wp\/v2\/posts"}],"about":[{"href":"https:\/\/stefanmalsi.de\/blog\/wp-json\/wp\/v2\/types\/post"}],"author":[{"embeddable":true,"href":"https:\/\/stefanmalsi.de\/blog\/wp-json\/wp\/v2\/users\/2"}],"replies":[{"embeddable":true,"href":"https:\/\/stefanmalsi.de\/blog\/wp-json\/wp\/v2\/comments?post=2479"}],"version-history":[{"count":2,"href":"https:\/\/stefanmalsi.de\/blog\/wp-json\/wp\/v2\/posts\/2479\/revisions"}],"predecessor-version":[{"id":4592,"href":"https:\/\/stefanmalsi.de\/blog\/wp-json\/wp\/v2\/posts\/2479\/revisions\/4592"}],"wp:attachment":[{"href":"https:\/\/stefanmalsi.de\/blog\/wp-json\/wp\/v2\/media?parent=2479"}],"wp:term":[{"taxonomy":"category","embeddable":true,"href":"https:\/\/stefanmalsi.de\/blog\/wp-json\/wp\/v2\/categories?post=2479"},{"taxonomy":"post_tag","embeddable":true,"href":"https:\/\/stefanmalsi.de\/blog\/wp-json\/wp\/v2\/tags?post=2479"}],"curies":[{"name":"wp","href":"https:\/\/api.w.org\/{rel}","templated":true}]}}