{"id":2432,"date":"2014-10-06T14:42:00","date_gmt":"2014-10-06T13:42:00","guid":{"rendered":"https:\/\/stefanmalsi.de\/blog\/?p=2432"},"modified":"2016-10-29T12:09:40","modified_gmt":"2016-10-29T10:09:40","slug":"2432","status":"publish","type":"post","link":"https:\/\/stefanmalsi.de\/blog\/denkanstoessehs\/2432","title":{"rendered":""},"content":{"rendered":"<p><a href=\"https:\/\/stefanmalsi.de\/blog\/wp-content\/uploads\/2014\/10\/heute-lernen-wir-das-Knuddeln.jpg\"><img loading=\"lazy\" decoding=\"async\" class=\"alignnone size-full wp-image-2433\" src=\"https:\/\/stefanmalsi.de\/blog\/wp-content\/uploads\/2014\/10\/heute-lernen-wir-das-Knuddeln.jpg\" alt=\"heute lernen wir das Knuddeln\" width=\"700\" height=\"227\" srcset=\"https:\/\/stefanmalsi.de\/blog\/wp-content\/uploads\/2014\/10\/heute-lernen-wir-das-Knuddeln.jpg 700w, https:\/\/stefanmalsi.de\/blog\/wp-content\/uploads\/2014\/10\/heute-lernen-wir-das-Knuddeln-624x202.jpg 624w\" sizes=\"auto, (max-width: 700px) 100vw, 700px\" \/><\/a><\/p>\n<h4><strong>Heute lernen wir das Knuddeln!<\/strong><\/h4>\n<p style=\"text-align: justify;\">Wie w\u00e4re es mit einem Knuddelabend zum Ende der Woche? W\u00e4re das nicht ein Traum wenn wir wirklich miteinander knuddeln k\u00f6nnten? Wenn man sich aber das begehrliche Verhalten besonders der m\u00e4nnlichen Spezies vor Augen h\u00e4lt, wei\u00df man, dass das derzeit eigentlich nicht geht. K\u00f6nnte man das denn \u00e4ndern? Na klar, denn schon in den Evangelien wird berichtet, dass Jesus in der W\u00fcste fastete und die \u201ewilden Tiere ihm untertan wurden\u201c, was man tiefenpsychologisch nicht anders verstehen kann, als dass er seine Triebkr\u00e4fte beherrschen lernte. Tats\u00e4chlich erlebt man auf dem Weg durch das Labyrinth eine Phase die anfangs fast be\u00e4ngstigend ist, denn man lernt die Triebkr\u00e4fte zu z\u00e4hmen. F\u00fcr einige Wochen hat man das Gef\u00fchl sie sogar verloren zu haben, aber sie kehren dann zum Gl\u00fcck \u2013 etwas friedlicher und sanfter \u2013 wieder zur\u00fcck. Hat man die Integration der Triebkr\u00e4fte vollst\u00e4ndig hinbekommen kann man auch als Mann mit Frauen kuscheln und knuddeln und dabei ausschlie\u00dflich Knuddelgef\u00fchle haben. M\u00e4dels, es kommen tolle Zeiten auf euch zu!<\/p>\n","protected":false},"excerpt":{"rendered":"<p>Heute lernen wir das Knuddeln! Wie w\u00e4re es mit einem Knuddelabend zum Ende der Woche? W\u00e4re das nicht ein Traum wenn wir wirklich miteinander knuddeln k\u00f6nnten? Wenn man sich aber das begehrliche Verhalten besonders der m\u00e4nnlichen Spezies vor Augen h\u00e4lt, wei\u00df man, dass das derzeit eigentlich nicht geht. K\u00f6nnte man das denn \u00e4ndern? Na klar, &hellip; <a href=\"https:\/\/stefanmalsi.de\/blog\/denkanstoessehs\/2432\" class=\"more-link\"><span class=\"screen-reader-text\"><\/span> weiterlesen <span class=\"meta-nav\">&rarr;<\/span><\/a><\/p>\n","protected":false},"author":2,"featured_media":0,"comment_status":"closed","ping_status":"closed","sticky":false,"template":"","format":"standard","meta":{"_jetpack_memberships_contains_paid_content":false,"footnotes":""},"categories":[165,6],"tags":[],"class_list":["post-2432","post","type-post","status-publish","format-standard","hentry","category-denkanstoesse-hs-04","category-denkanstoessehs"],"jetpack_featured_media_url":"","jetpack_sharing_enabled":true,"_links":{"self":[{"href":"https:\/\/stefanmalsi.de\/blog\/wp-json\/wp\/v2\/posts\/2432","targetHints":{"allow":["GET"]}}],"collection":[{"href":"https:\/\/stefanmalsi.de\/blog\/wp-json\/wp\/v2\/posts"}],"about":[{"href":"https:\/\/stefanmalsi.de\/blog\/wp-json\/wp\/v2\/types\/post"}],"author":[{"embeddable":true,"href":"https:\/\/stefanmalsi.de\/blog\/wp-json\/wp\/v2\/users\/2"}],"replies":[{"embeddable":true,"href":"https:\/\/stefanmalsi.de\/blog\/wp-json\/wp\/v2\/comments?post=2432"}],"version-history":[{"count":3,"href":"https:\/\/stefanmalsi.de\/blog\/wp-json\/wp\/v2\/posts\/2432\/revisions"}],"predecessor-version":[{"id":4606,"href":"https:\/\/stefanmalsi.de\/blog\/wp-json\/wp\/v2\/posts\/2432\/revisions\/4606"}],"wp:attachment":[{"href":"https:\/\/stefanmalsi.de\/blog\/wp-json\/wp\/v2\/media?parent=2432"}],"wp:term":[{"taxonomy":"category","embeddable":true,"href":"https:\/\/stefanmalsi.de\/blog\/wp-json\/wp\/v2\/categories?post=2432"},{"taxonomy":"post_tag","embeddable":true,"href":"https:\/\/stefanmalsi.de\/blog\/wp-json\/wp\/v2\/tags?post=2432"}],"curies":[{"name":"wp","href":"https:\/\/api.w.org\/{rel}","templated":true}]}}