{"id":2079,"date":"2014-10-06T11:50:30","date_gmt":"2014-10-06T09:50:30","guid":{"rendered":"https:\/\/stefanmalsi.de\/blog\/?p=2079"},"modified":"2020-11-23T15:14:12","modified_gmt":"2020-11-23T14:14:12","slug":"2079","status":"publish","type":"post","link":"https:\/\/stefanmalsi.de\/blog\/denkanstoessehs\/2079","title":{"rendered":""},"content":{"rendered":"<p><a href=\"https:\/\/stefanmalsi.de\/blog\/wp-content\/uploads\/2014\/10\/Logisches-Denken-hilft.jpg\"><img loading=\"lazy\" decoding=\"async\" class=\"alignnone size-full wp-image-2080\" src=\"https:\/\/stefanmalsi.de\/blog\/wp-content\/uploads\/2014\/10\/Logisches-Denken-hilft.jpg\" alt=\"Logisches Denken hilft\" width=\"700\" height=\"247\" srcset=\"https:\/\/stefanmalsi.de\/blog\/wp-content\/uploads\/2014\/10\/Logisches-Denken-hilft.jpg 700w, https:\/\/stefanmalsi.de\/blog\/wp-content\/uploads\/2014\/10\/Logisches-Denken-hilft-624x220.jpg 624w\" sizes=\"auto, (max-width: 700px) 100vw, 700px\" \/><\/a><\/p>\n<h4><strong>Logisches Denken hilft bei der L\u00f6sung alter R\u00e4tsel<\/strong><\/h4>\n<p style=\"text-align: justify;\">Habt ihr schon mal dar\u00fcber nachgedacht wie ein schwerstverletzter Mann etwa 60 Stunden in einer dunklen Grabkammer \u00fcberleben konnte? Sicher, sicher, ich h\u00f6re schon die Dogmatiker fabulieren, dass die Allmacht Gottes sich ja gerade darin zeigte, dass Jesus wirklich tot war und erst am Ostermontag quicklebendig wieder aus dem Grab stieg. Etwas esoterisch angehauchte katholische Priester schwadronieren auch \u00fcber die Wesensart eines Astralk\u00f6rpers in dem Jesus sp\u00e4ter das Grab verlie\u00df. Als naturwissenschaftlich-logisch denkender Mensch kommt man eher zu der Auffassung, dass Jesus zwar schwer verletzt aber nicht tot war als man ihn ins Grab legte und damit das auch so blieb hat sich mindestens eine Person mit ihm einschlie\u00dfen lassen um ihn zu pflegen. Der Junge brauchte was zum Trinken, musste mal Pipi machen und da er keine inneren Verletzungen davon getragen hatte d\u00fcrften ihm ein paar Bissen Brot kaum geschadet haben. Der Kreis der Mitwisser war sehr klein und nur aus diesem Kreis kann sich eine Person bereit erkl\u00e4rt haben dieses zu wagen. Wenn man sich in diesem Personenkreis ein wenig umh\u00f6rt dann hat eigentlich nur die kleine Schwester Elisabeth die dazu passende Pers\u00f6nlichkeit. Mut, Liebe zum Bruder und Heilwissen musste sie besitzen und es ist durchaus denkbar, dass neben ihr auch noch ein Mann als Gehilfe mit im Grab war. Ich bin gespannt ob wir auch ihn noch herausfinden werden, aber so allm\u00e4hlich lichtet sich ja das Dunkel und der Aberglaube weicht Logik und Erkenntnis.<\/p>\n<p><span style=\"color: #0000ff;\">Erg\u00e4nzung am 23.11.2020<\/span><\/p>\n<p style=\"text-align: justify;\">Durchdenkt man die damaligen Abl\u00e4ufe und die Reaktionen der beteiligten Menschen genauer, dann bekommt man ein wenig Zweifel an der \u00dcberlieferung, dass Maria und ihre Tochter Maria Magdalena die Ersten waren die an das Grab zur\u00fcckkehrten. Nach den Prophezeiungen blieb Jesus 3 Tage im Grab und daher kann er erst am Ostermontag wieder herausgekommen sein und nicht, wie es die Kirchen lehren, schon am Sonntag. Von Freitagabend bis auf den Montagmorgen soll also niemand von seinen Anh\u00e4ngern am Grab vorbeigeschaut haben? Das erscheint mir v\u00f6llig unglaubhaft, k\u00f6nnte auf Maria und vielleicht auch auf Maria Magdalena zugetroffen haben, aber nie und nimmer auf die Geliebte und Weggef\u00e4hrtin \u201eMarie\u201c, die zudem Jesus am \u201ePalmsonntag\u201c alleine nach Jerusalem reiten lie\u00df und jetzt in v\u00f6lliger Verzweiflung nach ihm suchte! Was aber sp\u00fcrt eine liebende Frau, wenn sie sich auf das Grab wirft und dort Tag und Nacht verharrt? Was strahlt eine Gruft aus in der 3 lebende Menschen drin sind und \u00fcber Luftschlitze auch mit der Au\u00dfenwelt verbunden waren? Richtig, eine \u00fcber alles liebende Frau sp\u00fcrt f\u00f6rmlich, \u201eh\u00f6rt\u201c es, \u201eriecht\u201c es, \u201eahnt\u201c es, dass in dem Grab noch Leben ist! Und so nehme ich an, dass es schon vor Ostermontag diese eine Seele gab, die in ihrem Herzen davon \u00fcberzeugt war, dass ihr Geliebter Recht behalten w\u00fcrde und wieder \u201eauferstehen\u201c w\u00fcrde!<\/p>\n<p>&nbsp;<\/p>\n<p style=\"text-align: justify;\">\n","protected":false},"excerpt":{"rendered":"<p>Logisches Denken hilft bei der L\u00f6sung alter R\u00e4tsel Habt ihr schon mal dar\u00fcber nachgedacht wie ein schwerstverletzter Mann etwa 60 Stunden in einer dunklen Grabkammer \u00fcberleben konnte? Sicher, sicher, ich h\u00f6re schon die Dogmatiker fabulieren, dass die Allmacht Gottes sich ja gerade darin zeigte, dass Jesus wirklich tot war und erst am Ostermontag quicklebendig wieder &hellip; <a href=\"https:\/\/stefanmalsi.de\/blog\/denkanstoessehs\/2079\" class=\"more-link\"><span class=\"screen-reader-text\"><\/span> weiterlesen <span class=\"meta-nav\">&rarr;<\/span><\/a><\/p>\n","protected":false},"author":2,"featured_media":0,"comment_status":"closed","ping_status":"closed","sticky":false,"template":"","format":"standard","meta":{"_jetpack_memberships_contains_paid_content":false,"footnotes":""},"categories":[166,6],"tags":[],"class_list":["post-2079","post","type-post","status-publish","format-standard","hentry","category-denkanstoesse-hs-03","category-denkanstoessehs"],"jetpack_featured_media_url":"","jetpack_sharing_enabled":true,"_links":{"self":[{"href":"https:\/\/stefanmalsi.de\/blog\/wp-json\/wp\/v2\/posts\/2079","targetHints":{"allow":["GET"]}}],"collection":[{"href":"https:\/\/stefanmalsi.de\/blog\/wp-json\/wp\/v2\/posts"}],"about":[{"href":"https:\/\/stefanmalsi.de\/blog\/wp-json\/wp\/v2\/types\/post"}],"author":[{"embeddable":true,"href":"https:\/\/stefanmalsi.de\/blog\/wp-json\/wp\/v2\/users\/2"}],"replies":[{"embeddable":true,"href":"https:\/\/stefanmalsi.de\/blog\/wp-json\/wp\/v2\/comments?post=2079"}],"version-history":[{"count":6,"href":"https:\/\/stefanmalsi.de\/blog\/wp-json\/wp\/v2\/posts\/2079\/revisions"}],"predecessor-version":[{"id":8116,"href":"https:\/\/stefanmalsi.de\/blog\/wp-json\/wp\/v2\/posts\/2079\/revisions\/8116"}],"wp:attachment":[{"href":"https:\/\/stefanmalsi.de\/blog\/wp-json\/wp\/v2\/media?parent=2079"}],"wp:term":[{"taxonomy":"category","embeddable":true,"href":"https:\/\/stefanmalsi.de\/blog\/wp-json\/wp\/v2\/categories?post=2079"},{"taxonomy":"post_tag","embeddable":true,"href":"https:\/\/stefanmalsi.de\/blog\/wp-json\/wp\/v2\/tags?post=2079"}],"curies":[{"name":"wp","href":"https:\/\/api.w.org\/{rel}","templated":true}]}}