{"id":2041,"date":"2014-10-06T11:43:16","date_gmt":"2014-10-06T09:43:16","guid":{"rendered":"https:\/\/stefanmalsi.de\/blog\/?p=2041"},"modified":"2017-05-05T22:30:48","modified_gmt":"2017-05-05T20:30:48","slug":"2041","status":"publish","type":"post","link":"https:\/\/stefanmalsi.de\/blog\/denkanstoessehs\/2041","title":{"rendered":""},"content":{"rendered":"<p><a href=\"https:\/\/stefanmalsi.de\/blog\/wp-content\/uploads\/2014\/10\/Z\u00e4rtlichkeit-ist-die-Wesensart.jpg\"><img loading=\"lazy\" decoding=\"async\" class=\"alignnone size-full wp-image-2042\" src=\"https:\/\/stefanmalsi.de\/blog\/wp-content\/uploads\/2014\/10\/Z\u00e4rtlichkeit-ist-die-Wesensart.jpg\" alt=\"Z\u00e4rtlichkeit ist die Wesensart\" width=\"700\" height=\"185\" srcset=\"https:\/\/stefanmalsi.de\/blog\/wp-content\/uploads\/2014\/10\/Z\u00e4rtlichkeit-ist-die-Wesensart.jpg 700w, https:\/\/stefanmalsi.de\/blog\/wp-content\/uploads\/2014\/10\/Z\u00e4rtlichkeit-ist-die-Wesensart-624x164.jpg 624w\" sizes=\"auto, (max-width: 700px) 100vw, 700px\" \/><\/a><\/p>\n<h4><strong>Z\u00e4rtlichkeit ist die Wesensart von Christus<\/strong><\/h4>\n<p style=\"text-align: justify;\">Des Menschen Wille ist sein Himmelreich, sagt der Volksmund aber leider leider leider ist dieser Wille h\u00e4ufig nur der Ausdruck innerer Konflikte und Fehlhaltungen die h\u00e4ufig auch noch mit religi\u00f6sen Argumenten gerechtfertigt werden. Ganz besonders schlimm wird das, wenn der \u201eWille zur Macht\u201c mit dem \u201eGlauben an einen machtvollen Gott\u201c begr\u00fcndet und ineinander vermengt wird. Um sich das zu verdeutlichen ist es hilfreich sich das Verhalten von Klerikern fr\u00fcherer Jahrhunderte anzuschauen, denn dann stellt man schnell fest, dass das was die \u201eKleriker\u201c von sich gaben nichts anderes war als es die \u201eM\u00e4chtigen der Zeit\u201c h\u00f6ren wollten. Praktisch immer werden die bestehenden Machtstrukturen auf den \u201eWillen Gottes\u201c zur\u00fcckgef\u00fchrt und lediglich ein wenig Barmherzigkeit mit den Armen eingefordert, damit man wenigstens pro forma noch mit den Begriffen Liebe und G\u00fcte in Verbindung gebracht werden kann. Gesellschaftsentwicklung und die vorherrschende Gottesvorstellung sind stark miteinander verbunden und genau deswegen m\u00fcssen wir darauf achten, dass uns nicht schon wieder \u201ean der Macht interessierte M\u00e4nner\u201c ein Gottesbild aufschwatzen, das im Wesentlichen auf den Erhalt der m\u00e4nnlichen Denk- und Lebenswelt abzielt. Unsere Richtschnur sollte alleine die Menschlichkeit sein und diese braucht sich nicht einmal auf irgendeinen Gott zu berufen, sie begr\u00fcndet sich in sich selbst. Lieber kein Gottesbild in sich tragen, als eines das uns auch nur um einen Jota von der Menschlichkeit entfernt, das Unterwerfung, Demut, Gehorsam oder sonst einen krankmachenden Bl\u00f6dsinn einfordert! Alleine der Menschlichkeit dient das Gesetz des Lebens und wer immer etwas anderes postuliert, spricht von seinen eigenen Wunschvorstellungen aber nicht von Gott!<\/p>\n<p style=\"text-align: justify;\">Jesus sprach wohl so von Gott:<\/p>\n<p style=\"text-align: justify;\"><a href=\"https:\/\/stefanmalsi.de\/blog\/wp-content\/uploads\/2014\/10\/Jesus-sprach-wohl-so-1.jpg\"><img loading=\"lazy\" decoding=\"async\" class=\"alignnone size-full wp-image-2043\" src=\"https:\/\/stefanmalsi.de\/blog\/wp-content\/uploads\/2014\/10\/Jesus-sprach-wohl-so-1.jpg\" alt=\"Jesus sprach wohl so 1\" width=\"526\" height=\"470\" \/><\/a><\/p>\n<p>und setzte fort&#8230;<\/p>\n<p><a href=\"https:\/\/stefanmalsi.de\/blog\/wp-content\/uploads\/2014\/10\/Jesus-sprach-wohl-so-2.jpg\"><img loading=\"lazy\" decoding=\"async\" class=\"alignnone size-full wp-image-2044\" src=\"https:\/\/stefanmalsi.de\/blog\/wp-content\/uploads\/2014\/10\/Jesus-sprach-wohl-so-2.jpg\" alt=\"Jesus sprach wohl so 2\" width=\"517\" height=\"228\" \/><\/a><\/p>\n<p>und\u00a0 lehrte uns diese Gebete:<\/p>\n<p><a href=\"https:\/\/stefanmalsi.de\/blog\/wp-content\/uploads\/2014\/10\/Jesus-sprach-wohl-so-3.jpg\"><img loading=\"lazy\" decoding=\"async\" class=\"alignnone size-full wp-image-2045\" src=\"https:\/\/stefanmalsi.de\/blog\/wp-content\/uploads\/2014\/10\/Jesus-sprach-wohl-so-3.jpg\" alt=\"Jesus sprach wohl so 3\" width=\"527\" height=\"321\" \/><\/a><\/p>\n<p>&nbsp;<\/p>\n<p>(Ausschnitte aus dem \u201eEvangelium des vollkommenen Lebens\u201c)<\/p>\n","protected":false},"excerpt":{"rendered":"<p>Z\u00e4rtlichkeit ist die Wesensart von Christus Des Menschen Wille ist sein Himmelreich, sagt der Volksmund aber leider leider leider ist dieser Wille h\u00e4ufig nur der Ausdruck innerer Konflikte und Fehlhaltungen die h\u00e4ufig auch noch mit religi\u00f6sen Argumenten gerechtfertigt werden. Ganz besonders schlimm wird das, wenn der \u201eWille zur Macht\u201c mit dem \u201eGlauben an einen machtvollen &hellip; <a href=\"https:\/\/stefanmalsi.de\/blog\/denkanstoessehs\/2041\" class=\"more-link\"><span class=\"screen-reader-text\"><\/span> weiterlesen <span class=\"meta-nav\">&rarr;<\/span><\/a><\/p>\n","protected":false},"author":2,"featured_media":0,"comment_status":"closed","ping_status":"closed","sticky":false,"template":"","format":"standard","meta":{"_jetpack_memberships_contains_paid_content":false,"footnotes":""},"categories":[166,6],"tags":[28,141],"class_list":["post-2041","post","type-post","status-publish","format-standard","hentry","category-denkanstoesse-hs-03","category-denkanstoessehs","tag-christus","tag-zaertlichkeit"],"jetpack_featured_media_url":"","jetpack_sharing_enabled":true,"_links":{"self":[{"href":"https:\/\/stefanmalsi.de\/blog\/wp-json\/wp\/v2\/posts\/2041","targetHints":{"allow":["GET"]}}],"collection":[{"href":"https:\/\/stefanmalsi.de\/blog\/wp-json\/wp\/v2\/posts"}],"about":[{"href":"https:\/\/stefanmalsi.de\/blog\/wp-json\/wp\/v2\/types\/post"}],"author":[{"embeddable":true,"href":"https:\/\/stefanmalsi.de\/blog\/wp-json\/wp\/v2\/users\/2"}],"replies":[{"embeddable":true,"href":"https:\/\/stefanmalsi.de\/blog\/wp-json\/wp\/v2\/comments?post=2041"}],"version-history":[{"count":3,"href":"https:\/\/stefanmalsi.de\/blog\/wp-json\/wp\/v2\/posts\/2041\/revisions"}],"predecessor-version":[{"id":4728,"href":"https:\/\/stefanmalsi.de\/blog\/wp-json\/wp\/v2\/posts\/2041\/revisions\/4728"}],"wp:attachment":[{"href":"https:\/\/stefanmalsi.de\/blog\/wp-json\/wp\/v2\/media?parent=2041"}],"wp:term":[{"taxonomy":"category","embeddable":true,"href":"https:\/\/stefanmalsi.de\/blog\/wp-json\/wp\/v2\/categories?post=2041"},{"taxonomy":"post_tag","embeddable":true,"href":"https:\/\/stefanmalsi.de\/blog\/wp-json\/wp\/v2\/tags?post=2041"}],"curies":[{"name":"wp","href":"https:\/\/api.w.org\/{rel}","templated":true}]}}