{"id":1990,"date":"2014-10-06T11:31:36","date_gmt":"2014-10-06T09:31:36","guid":{"rendered":"https:\/\/stefanmalsi.de\/blog\/?p=1990"},"modified":"2016-10-29T12:13:57","modified_gmt":"2016-10-29T10:13:57","slug":"1990","status":"publish","type":"post","link":"https:\/\/stefanmalsi.de\/blog\/denkanstoessehs\/1990","title":{"rendered":""},"content":{"rendered":"<p><a href=\"https:\/\/stefanmalsi.de\/blog\/wp-content\/uploads\/2014\/10\/neues-aus-Nazareth1.jpg\"><img loading=\"lazy\" decoding=\"async\" class=\"alignnone size-full wp-image-1991\" src=\"https:\/\/stefanmalsi.de\/blog\/wp-content\/uploads\/2014\/10\/neues-aus-Nazareth1.jpg\" alt=\"neues aus Nazareth\" width=\"700\" height=\"50\" srcset=\"https:\/\/stefanmalsi.de\/blog\/wp-content\/uploads\/2014\/10\/neues-aus-Nazareth1.jpg 700w, https:\/\/stefanmalsi.de\/blog\/wp-content\/uploads\/2014\/10\/neues-aus-Nazareth1-624x44.jpg 624w\" sizes=\"auto, (max-width: 700px) 100vw, 700px\" \/><\/a><\/p>\n<h4 style=\"text-align: justify;\"><strong>Bericht aus Jerusalem<\/strong><\/h4>\n<p style=\"text-align: justify;\">Auf dem Marktplatz von Jerusalem herrscht seit je her ein buntes religi\u00f6ses und spirituelles Treiben. Ein st\u00e4ndige Kommen und Gehen bestimmt die Szene und die Ger\u00fcchte \u00fcber eine bevorstehende \u201egeistige Erneuerung\u201c machen seit langem die Runde. Richtig eisig wird es auf dem Platz immer nur dann wenn Paulus auftaucht und seine Predigten zum Besten gibt. Es steht nun zu bef\u00fcrchten, dass dieser hemmungslose Opportunist mit dem Beginn der Aufwachwelle wieder in Jerusalem auftauchen und sein geistiges Gut als Ursache und Ziel des zuk\u00fcnftigen \u201espirituellen Jerusalems\u201c ausgeben wird. Er kann n\u00e4mlich nicht anders, sein \u201eAuftraggeber\u201c zwingt ihn dazu nach der Macht zu streben aber dieses Mal werden wir ihn entlarven und unsch\u00e4dlich machen. Es wird ein Fest werden, denn da er mit geistiger Blindheit geschlagen ist wird er schlicht nicht begreifen was da geschieht und sich durch seine eigene Art richten.<\/p>\n","protected":false},"excerpt":{"rendered":"<p>Bericht aus Jerusalem Auf dem Marktplatz von Jerusalem herrscht seit je her ein buntes religi\u00f6ses und spirituelles Treiben. Ein st\u00e4ndige Kommen und Gehen bestimmt die Szene und die Ger\u00fcchte \u00fcber eine bevorstehende \u201egeistige Erneuerung\u201c machen seit langem die Runde. Richtig eisig wird es auf dem Platz immer nur dann wenn Paulus auftaucht und seine Predigten &hellip; <a href=\"https:\/\/stefanmalsi.de\/blog\/denkanstoessehs\/1990\" class=\"more-link\"><span class=\"screen-reader-text\"><\/span> weiterlesen <span class=\"meta-nav\">&rarr;<\/span><\/a><\/p>\n","protected":false},"author":2,"featured_media":0,"comment_status":"closed","ping_status":"closed","sticky":false,"template":"","format":"standard","meta":{"_jetpack_memberships_contains_paid_content":false,"footnotes":""},"categories":[166,6],"tags":[143],"class_list":["post-1990","post","type-post","status-publish","format-standard","hentry","category-denkanstoesse-hs-03","category-denkanstoessehs","tag-jerusalem"],"jetpack_featured_media_url":"","jetpack_sharing_enabled":true,"_links":{"self":[{"href":"https:\/\/stefanmalsi.de\/blog\/wp-json\/wp\/v2\/posts\/1990","targetHints":{"allow":["GET"]}}],"collection":[{"href":"https:\/\/stefanmalsi.de\/blog\/wp-json\/wp\/v2\/posts"}],"about":[{"href":"https:\/\/stefanmalsi.de\/blog\/wp-json\/wp\/v2\/types\/post"}],"author":[{"embeddable":true,"href":"https:\/\/stefanmalsi.de\/blog\/wp-json\/wp\/v2\/users\/2"}],"replies":[{"embeddable":true,"href":"https:\/\/stefanmalsi.de\/blog\/wp-json\/wp\/v2\/comments?post=1990"}],"version-history":[{"count":2,"href":"https:\/\/stefanmalsi.de\/blog\/wp-json\/wp\/v2\/posts\/1990\/revisions"}],"predecessor-version":[{"id":4744,"href":"https:\/\/stefanmalsi.de\/blog\/wp-json\/wp\/v2\/posts\/1990\/revisions\/4744"}],"wp:attachment":[{"href":"https:\/\/stefanmalsi.de\/blog\/wp-json\/wp\/v2\/media?parent=1990"}],"wp:term":[{"taxonomy":"category","embeddable":true,"href":"https:\/\/stefanmalsi.de\/blog\/wp-json\/wp\/v2\/categories?post=1990"},{"taxonomy":"post_tag","embeddable":true,"href":"https:\/\/stefanmalsi.de\/blog\/wp-json\/wp\/v2\/tags?post=1990"}],"curies":[{"name":"wp","href":"https:\/\/api.w.org\/{rel}","templated":true}]}}