{"id":1880,"date":"2014-10-06T10:53:08","date_gmt":"2014-10-06T08:53:08","guid":{"rendered":"https:\/\/stefanmalsi.de\/blog\/?p=1880"},"modified":"2016-10-29T12:14:45","modified_gmt":"2016-10-29T10:14:45","slug":"1880","status":"publish","type":"post","link":"https:\/\/stefanmalsi.de\/blog\/denkanstoessehs\/1880","title":{"rendered":""},"content":{"rendered":"<p><a href=\"https:\/\/stefanmalsi.de\/blog\/wp-content\/uploads\/2014\/10\/Wenn-der-Himmel-die-Erde-ber\u00fchrt.jpg\"><img loading=\"lazy\" decoding=\"async\" class=\"alignnone size-full wp-image-1881\" src=\"https:\/\/stefanmalsi.de\/blog\/wp-content\/uploads\/2014\/10\/Wenn-der-Himmel-die-Erde-ber\u00fchrt.jpg\" alt=\"Wenn der Himmel die Erde ber\u00fchrt\" width=\"700\" height=\"173\" srcset=\"https:\/\/stefanmalsi.de\/blog\/wp-content\/uploads\/2014\/10\/Wenn-der-Himmel-die-Erde-ber\u00fchrt.jpg 700w, https:\/\/stefanmalsi.de\/blog\/wp-content\/uploads\/2014\/10\/Wenn-der-Himmel-die-Erde-ber\u00fchrt-624x154.jpg 624w\" sizes=\"auto, (max-width: 700px) 100vw, 700px\" \/><\/a><\/p>\n<h4><strong>Wenn der Himmel die Erde ber\u00fchrt<\/strong><\/h4>\n<p style=\"text-align: justify;\">Wenn der Himmel die Erde ber\u00fchrt dann feiern wir in uns selbst Hochzeit, dann verm\u00e4hlen sich Animus und Anima und wir werden ganz, dann sp\u00fcren wir die zarte Liebe unserer Mutter und erkennen endlich das Wesen unseres Vaters, der nicht kennt Groll, Zorn oder Strafe.<\/p>\n<p style=\"text-align: justify;\">Wenn der Himmel die Erde ber\u00fchrt bekommen wir Anteil an der Weisheit des g\u00fctigen Christus der uns mit unendlicher Geduld lehrt uns von unseren Fehlern zu befreien und zur Reinheit zu finden.<\/p>\n<p style=\"text-align: justify;\">Wenn der Himmel die Erde ber\u00fchrt lernen wir die Liebe kennen, die nicht mehr wertet und nach Vorteil sucht und werden einander lieben wie uns selbst.<\/p>\n<p style=\"text-align: justify;\">Wenn der Himmel die Erde ber\u00fchrt dann werden wir zu einer Gemeinschaft werden wie die Trauben an einem Weinstock durch die der gleiche Saft flie\u00dft und diese Gemeinschaft wird den Himmel f\u00fcr immer auf der Erde festhalten.<\/p>\n","protected":false},"excerpt":{"rendered":"<p>Wenn der Himmel die Erde ber\u00fchrt Wenn der Himmel die Erde ber\u00fchrt dann feiern wir in uns selbst Hochzeit, dann verm\u00e4hlen sich Animus und Anima und wir werden ganz, dann sp\u00fcren wir die zarte Liebe unserer Mutter und erkennen endlich das Wesen unseres Vaters, der nicht kennt Groll, Zorn oder Strafe. Wenn der Himmel die &hellip; <a href=\"https:\/\/stefanmalsi.de\/blog\/denkanstoessehs\/1880\" class=\"more-link\"><span class=\"screen-reader-text\"><\/span> weiterlesen <span class=\"meta-nav\">&rarr;<\/span><\/a><\/p>\n","protected":false},"author":2,"featured_media":0,"comment_status":"closed","ping_status":"closed","sticky":false,"template":"","format":"standard","meta":{"_jetpack_memberships_contains_paid_content":false,"footnotes":""},"categories":[167,6],"tags":[],"class_list":["post-1880","post","type-post","status-publish","format-standard","hentry","category-denkanstoesse-hs-02","category-denkanstoessehs"],"jetpack_featured_media_url":"","jetpack_sharing_enabled":true,"_links":{"self":[{"href":"https:\/\/stefanmalsi.de\/blog\/wp-json\/wp\/v2\/posts\/1880","targetHints":{"allow":["GET"]}}],"collection":[{"href":"https:\/\/stefanmalsi.de\/blog\/wp-json\/wp\/v2\/posts"}],"about":[{"href":"https:\/\/stefanmalsi.de\/blog\/wp-json\/wp\/v2\/types\/post"}],"author":[{"embeddable":true,"href":"https:\/\/stefanmalsi.de\/blog\/wp-json\/wp\/v2\/users\/2"}],"replies":[{"embeddable":true,"href":"https:\/\/stefanmalsi.de\/blog\/wp-json\/wp\/v2\/comments?post=1880"}],"version-history":[{"count":2,"href":"https:\/\/stefanmalsi.de\/blog\/wp-json\/wp\/v2\/posts\/1880\/revisions"}],"predecessor-version":[{"id":4781,"href":"https:\/\/stefanmalsi.de\/blog\/wp-json\/wp\/v2\/posts\/1880\/revisions\/4781"}],"wp:attachment":[{"href":"https:\/\/stefanmalsi.de\/blog\/wp-json\/wp\/v2\/media?parent=1880"}],"wp:term":[{"taxonomy":"category","embeddable":true,"href":"https:\/\/stefanmalsi.de\/blog\/wp-json\/wp\/v2\/categories?post=1880"},{"taxonomy":"post_tag","embeddable":true,"href":"https:\/\/stefanmalsi.de\/blog\/wp-json\/wp\/v2\/tags?post=1880"}],"curies":[{"name":"wp","href":"https:\/\/api.w.org\/{rel}","templated":true}]}}