{"id":177,"date":"2014-10-01T13:59:25","date_gmt":"2014-10-01T11:59:25","guid":{"rendered":"https:\/\/stefanmalsi.de\/blog\/?p=177"},"modified":"2016-10-30T22:37:05","modified_gmt":"2016-10-30T21:37:05","slug":"177","status":"publish","type":"post","link":"https:\/\/stefanmalsi.de\/blog\/gedankenaufdemweg\/177","title":{"rendered":""},"content":{"rendered":"<h5><strong>Der zeitliche Ablauf der Offenbarung \u2013 ein Vorschlag zum Verst\u00e4ndnis\u00a0\u00a0 <\/strong><\/h5>\n<p style=\"text-align: justify;\">Innerhalb des Textes der Offenbarung gibt es eine Reihe von Zeitangaben die sich nicht ohne weiteres an den realen Kalender anbinden lassen. Bekannt sind aber verschiedene Ereignisse die zur Kalibrierung herangezogen werden k\u00f6nnen. Liest man die Sendschreiben als \u201eSchreiben an die Sendboten\u201c sind diese ja nur sinnvoll wenn sie von den 7 Sendboten auch gelesen und verstanden werden k\u00f6nnen. Wir terminieren deren Aufwachen daher als den Beginn der Veranstaltung. Nach unseren Recherchen begann die \u201eschwere Geburt\u201c Ostern 2005 und so wollen wir den Zeitraum von 42 Monaten etwa dort beginnen lassen. Den Zeitraum der ersten Drangsal konnte mancher feinsinnige Geist sp\u00fcren, denn wir haben diese 5 Monate von Mitte November 2005 bis Ostern 2006 \u00fcber uns ergehen lassen m\u00fcssen. Ehrlich, wir begriffen erst wenige Wochen vor Ende dieser Zeit was wir h\u00f6rten und sahen. Ostern 2006 fiel der Drache von Himmel oder anders ausgedr\u00fcckt: Die Kollektivseele trat ins Licht und die Zeit der zweiten Drangsal begann. Sie war nicht mehr so eklig wie die erste, reichte aber aus um unseren Heldenpaar m\u00e4chtig zuzusetzen. Diese hatten die erste Drangsal nur mit M\u00fche \u00fcberlebt. Mit Ostern 2007 treten wir nun in die spannende Phase der 3. Drangsal ein. L\u00e4ngst wehen die 4 Winde \u00fcber unser Land und in deutlichen Schritten bewegt sich die Kollektivseele in Richtung Zentrum. Nach diesem Modell werden dann 7 gewaltige \u201eHiebe\u201c unser Volk beuteln und der \u201eSpuk\u201c wird wohl im Sp\u00e4therbst 2008 in Deutschland zu Ende sein. \u00dcber diese 7 \u201eHiebe\u201c berichten wir aber erst in der \u00fcbern\u00e4chsten Ausgabe.<\/p>\n","protected":false},"excerpt":{"rendered":"<p>Der zeitliche Ablauf der Offenbarung \u2013 ein Vorschlag zum Verst\u00e4ndnis\u00a0\u00a0 Innerhalb des Textes der Offenbarung gibt es eine Reihe von Zeitangaben die sich nicht ohne weiteres an den realen Kalender anbinden lassen. Bekannt sind aber verschiedene Ereignisse die zur Kalibrierung herangezogen werden k\u00f6nnen. Liest man die Sendschreiben als \u201eSchreiben an die Sendboten\u201c sind diese ja &hellip; <a href=\"https:\/\/stefanmalsi.de\/blog\/gedankenaufdemweg\/177\" class=\"more-link\"><span class=\"screen-reader-text\"><\/span> weiterlesen <span class=\"meta-nav\">&rarr;<\/span><\/a><\/p>\n","protected":false},"author":2,"featured_media":0,"comment_status":"closed","ping_status":"closed","sticky":false,"template":"","format":"standard","meta":{"_jetpack_memberships_contains_paid_content":false,"footnotes":""},"categories":[2],"tags":[],"class_list":["post-177","post","type-post","status-publish","format-standard","hentry","category-gedankenaufdemweg"],"jetpack_featured_media_url":"","jetpack_sharing_enabled":true,"_links":{"self":[{"href":"https:\/\/stefanmalsi.de\/blog\/wp-json\/wp\/v2\/posts\/177","targetHints":{"allow":["GET"]}}],"collection":[{"href":"https:\/\/stefanmalsi.de\/blog\/wp-json\/wp\/v2\/posts"}],"about":[{"href":"https:\/\/stefanmalsi.de\/blog\/wp-json\/wp\/v2\/types\/post"}],"author":[{"embeddable":true,"href":"https:\/\/stefanmalsi.de\/blog\/wp-json\/wp\/v2\/users\/2"}],"replies":[{"embeddable":true,"href":"https:\/\/stefanmalsi.de\/blog\/wp-json\/wp\/v2\/comments?post=177"}],"version-history":[{"count":2,"href":"https:\/\/stefanmalsi.de\/blog\/wp-json\/wp\/v2\/posts\/177\/revisions"}],"predecessor-version":[{"id":4933,"href":"https:\/\/stefanmalsi.de\/blog\/wp-json\/wp\/v2\/posts\/177\/revisions\/4933"}],"wp:attachment":[{"href":"https:\/\/stefanmalsi.de\/blog\/wp-json\/wp\/v2\/media?parent=177"}],"wp:term":[{"taxonomy":"category","embeddable":true,"href":"https:\/\/stefanmalsi.de\/blog\/wp-json\/wp\/v2\/categories?post=177"},{"taxonomy":"post_tag","embeddable":true,"href":"https:\/\/stefanmalsi.de\/blog\/wp-json\/wp\/v2\/tags?post=177"}],"curies":[{"name":"wp","href":"https:\/\/api.w.org\/{rel}","templated":true}]}}