{"id":169,"date":"2014-10-01T13:57:57","date_gmt":"2014-10-01T11:57:57","guid":{"rendered":"https:\/\/stefanmalsi.de\/blog\/?p=169"},"modified":"2016-10-30T22:37:05","modified_gmt":"2016-10-30T21:37:05","slug":"169","status":"publish","type":"post","link":"https:\/\/stefanmalsi.de\/blog\/gedankenaufdemweg\/169","title":{"rendered":""},"content":{"rendered":"<h5><strong>Es wird eine Zeit kommen\u2026\u2026\u2026 da ist auch der Drache endlich tot!<\/strong><\/h5>\n<p style=\"text-align: justify;\">Immer wieder wird in den Schriften auf die Existenz eines Drachens hingewiesen, der ganz unterschiedliche Namen tr\u00e4gt. Belial wird er in Qumran, Jaldabaoth in Nag Hammadi, Satan in der Bibel genannt und in der Offenbarung wird vom Sturz eben dieses Drachen vom Himmel berichtet.<\/p>\n<p style=\"text-align: justify;\">Da wir uns auch Gott irgendwie \u201eim Himmel wohnend\u201c vorstellen kommt es daher bei vielen Menschen zu einer gewissen Verwirrung dar\u00fcber wie und wo das \u201eB\u00f6se\u201c denn wirkt und wie wir uns denn den Sturz dieses Drachens \u00fcberhaupt vorstellen k\u00f6nnen.<\/p>\n<p style=\"text-align: justify;\">Da viele von uns auf dem Weg zur \u201eErleuchtung\u201c noch nicht den Punkt erreicht haben an dem die \u201eUnterscheidung der Geister\u201c gelingt wollen wir ein kleines Modell als Hilfestellung vorschlagen um zudem die Angst vor irgendetwas \u201eB\u00f6sen\u201c zu nehmen.<\/p>\n<p style=\"text-align: justify;\">\u00a0Den meisten ist ja durchaus klar, dass wir Menschen Geistwesen sind, unsere Pers\u00f6nlichkeit ist in erster Linie eine geistige Erscheinung. Vielen ist zudem bewusst, dass wir nicht alleine auf der Welt, sondern Teil von gr\u00f6\u00dferen Gruppen sind und in diesen Gruppen durchaus so was wie ein verbindender Geist herrschen kann. Nennen diese kollektive Verbindung der Einfachheit halber mal \u201eVolksseele\u201c. Nun stellen wir uns mal vor, dass unser individueller Geist ein Teil eben jener Volksseele ist die wiederum ein Teil eines noch gr\u00f6\u00dferen Geistes sein mag. Um eine Individualseele zur Erleuchtung zu f\u00fchren ist es recht anschaulich sich diesen langen Weg symbolisch wie das Labyrinth in Chartres vorzustellen.<\/p>\n<p style=\"text-align: justify;\">\u00a0Der Clou aber ist, dass auch die Volkseele diesen Weg beschreiten muss! Erst wenn diese Volksseele klar wie reines Wasser ist und nicht den kleinsten Schatten mehr auf uns Menschen wirft ist der Drache endg\u00fcltig tot, denn der Drache ist in diesem Modell die Erkrankung eben dieser Volksseele.<\/p>\n<p style=\"text-align: justify;\">Der Sturz des Drachens vom Himmel ist daher nichts anderes als die \u201eHeilung der Kollektivseele\u201c und diese geschieht eben analog zur Heilung der Individualseele. Nur ein Schelm aber w\u00fcrde jetzt mal auf das Labyrinth verweisen, dort auf den vertikalen Balken deuten der parallel zum Eingang liegt und die Kollektivseele des deutschen Volkes dort w\u00e4hnen. Dann l\u00e4ge zudem zu vermuten, dass das Ende dieses Balkens an Pfingsten 2007 erreicht sein wird und uns dann lediglich noch die 7 Zornesschalen bevorstehen!!! Jetzt ist aber Schluss mit dem Humbug, wer soll das denn fassen?<\/p>\n","protected":false},"excerpt":{"rendered":"<p>Es wird eine Zeit kommen\u2026\u2026\u2026 da ist auch der Drache endlich tot! Immer wieder wird in den Schriften auf die Existenz eines Drachens hingewiesen, der ganz unterschiedliche Namen tr\u00e4gt. Belial wird er in Qumran, Jaldabaoth in Nag Hammadi, Satan in der Bibel genannt und in der Offenbarung wird vom Sturz eben dieses Drachen vom Himmel &hellip; <a href=\"https:\/\/stefanmalsi.de\/blog\/gedankenaufdemweg\/169\" class=\"more-link\"><span class=\"screen-reader-text\"><\/span> weiterlesen <span class=\"meta-nav\">&rarr;<\/span><\/a><\/p>\n","protected":false},"author":2,"featured_media":0,"comment_status":"closed","ping_status":"closed","sticky":false,"template":"","format":"standard","meta":{"_jetpack_memberships_contains_paid_content":false,"footnotes":""},"categories":[2],"tags":[],"class_list":["post-169","post","type-post","status-publish","format-standard","hentry","category-gedankenaufdemweg"],"jetpack_featured_media_url":"","jetpack_sharing_enabled":true,"_links":{"self":[{"href":"https:\/\/stefanmalsi.de\/blog\/wp-json\/wp\/v2\/posts\/169","targetHints":{"allow":["GET"]}}],"collection":[{"href":"https:\/\/stefanmalsi.de\/blog\/wp-json\/wp\/v2\/posts"}],"about":[{"href":"https:\/\/stefanmalsi.de\/blog\/wp-json\/wp\/v2\/types\/post"}],"author":[{"embeddable":true,"href":"https:\/\/stefanmalsi.de\/blog\/wp-json\/wp\/v2\/users\/2"}],"replies":[{"embeddable":true,"href":"https:\/\/stefanmalsi.de\/blog\/wp-json\/wp\/v2\/comments?post=169"}],"version-history":[{"count":2,"href":"https:\/\/stefanmalsi.de\/blog\/wp-json\/wp\/v2\/posts\/169\/revisions"}],"predecessor-version":[{"id":4937,"href":"https:\/\/stefanmalsi.de\/blog\/wp-json\/wp\/v2\/posts\/169\/revisions\/4937"}],"wp:attachment":[{"href":"https:\/\/stefanmalsi.de\/blog\/wp-json\/wp\/v2\/media?parent=169"}],"wp:term":[{"taxonomy":"category","embeddable":true,"href":"https:\/\/stefanmalsi.de\/blog\/wp-json\/wp\/v2\/categories?post=169"},{"taxonomy":"post_tag","embeddable":true,"href":"https:\/\/stefanmalsi.de\/blog\/wp-json\/wp\/v2\/tags?post=169"}],"curies":[{"name":"wp","href":"https:\/\/api.w.org\/{rel}","templated":true}]}}