{"id":1638,"date":"2014-10-05T17:34:31","date_gmt":"2014-10-05T15:34:31","guid":{"rendered":"https:\/\/stefanmalsi.de\/blog\/?p=1638"},"modified":"2016-10-29T12:15:52","modified_gmt":"2016-10-29T10:15:52","slug":"1638","status":"publish","type":"post","link":"https:\/\/stefanmalsi.de\/blog\/denkanstoessehs\/1638","title":{"rendered":""},"content":{"rendered":"<p><a href=\"https:\/\/stefanmalsi.de\/blog\/wp-content\/uploads\/2014\/10\/Apostel.jpg\"><img loading=\"lazy\" decoding=\"async\" class=\"alignnone size-full wp-image-1639\" src=\"https:\/\/stefanmalsi.de\/blog\/wp-content\/uploads\/2014\/10\/Apostel.jpg\" alt=\"Apostel\" width=\"700\" height=\"271\" srcset=\"https:\/\/stefanmalsi.de\/blog\/wp-content\/uploads\/2014\/10\/Apostel.jpg 700w, https:\/\/stefanmalsi.de\/blog\/wp-content\/uploads\/2014\/10\/Apostel-624x241.jpg 624w\" sizes=\"auto, (max-width: 700px) 100vw, 700px\" \/><\/a><\/p>\n<h4><strong>Albrecht D\u00fcrer: Seher \u2013 Menschenkenner \u2013 Genie<\/strong><\/h4>\n<p style=\"text-align: justify;\">Die Gro\u00dfen der Kunst zeichnet h\u00e4ufig aus, dass ihre Werke \u00fcberzeitliche Botschaften beinhalten die sie meist aus den Tiefen ihre eigenen Seele gesch\u00f6pft haben. Albrecht D\u00fcrer ist ein solcher Gro\u00dfer und das Portr\u00e4t dieser 4 M\u00e4nner ist ein einmaliges Zeugnis seiner inneren Schau und Menschenkenntnis.<\/p>\n<p style=\"text-align: justify;\">Nur selten kann man eine so treffende \u00dcbereinstimmung zwischen Psychogramm und \u00e4u\u00dferem Bildnis feststellen wie es D\u00fcrer im Jahr 1526 in diesem Altarbild gelungen ist. Wer seine psycho-visuellen Eigenschaften trainieren will dem rate ich sich ein eigenes Bild von diesen 4 M\u00e4nnern zu erstellen. F\u00fchlt euch in deren Gesichter ein, versucht sie in euch zum Leben zu erwecken und lauscht auf die Reaktion eurer Seele. D\u00fcrer hat \u00fcbrigens schon mit der Namenswahl dieses Bildes darauf hingewiesen, dass er auf etwas aufmerksam machen will, denn da sind zwar 4 M\u00e4nner, nicht aber \u201e4 Apostel\u201c abgebildet!<\/p>\n","protected":false},"excerpt":{"rendered":"<p>Albrecht D\u00fcrer: Seher \u2013 Menschenkenner \u2013 Genie Die Gro\u00dfen der Kunst zeichnet h\u00e4ufig aus, dass ihre Werke \u00fcberzeitliche Botschaften beinhalten die sie meist aus den Tiefen ihre eigenen Seele gesch\u00f6pft haben. Albrecht D\u00fcrer ist ein solcher Gro\u00dfer und das Portr\u00e4t dieser 4 M\u00e4nner ist ein einmaliges Zeugnis seiner inneren Schau und Menschenkenntnis. Nur selten kann &hellip; <a href=\"https:\/\/stefanmalsi.de\/blog\/denkanstoessehs\/1638\" class=\"more-link\"><span class=\"screen-reader-text\"><\/span> weiterlesen <span class=\"meta-nav\">&rarr;<\/span><\/a><\/p>\n","protected":false},"author":2,"featured_media":0,"comment_status":"closed","ping_status":"closed","sticky":false,"template":"","format":"standard","meta":{"_jetpack_memberships_contains_paid_content":false,"footnotes":""},"categories":[168,6],"tags":[14],"class_list":["post-1638","post","type-post","status-publish","format-standard","hentry","category-denkanstoesse-hs-01","category-denkanstoessehs","tag-apostel"],"jetpack_featured_media_url":"","jetpack_sharing_enabled":true,"_links":{"self":[{"href":"https:\/\/stefanmalsi.de\/blog\/wp-json\/wp\/v2\/posts\/1638","targetHints":{"allow":["GET"]}}],"collection":[{"href":"https:\/\/stefanmalsi.de\/blog\/wp-json\/wp\/v2\/posts"}],"about":[{"href":"https:\/\/stefanmalsi.de\/blog\/wp-json\/wp\/v2\/types\/post"}],"author":[{"embeddable":true,"href":"https:\/\/stefanmalsi.de\/blog\/wp-json\/wp\/v2\/users\/2"}],"replies":[{"embeddable":true,"href":"https:\/\/stefanmalsi.de\/blog\/wp-json\/wp\/v2\/comments?post=1638"}],"version-history":[{"count":2,"href":"https:\/\/stefanmalsi.de\/blog\/wp-json\/wp\/v2\/posts\/1638\/revisions"}],"predecessor-version":[{"id":4827,"href":"https:\/\/stefanmalsi.de\/blog\/wp-json\/wp\/v2\/posts\/1638\/revisions\/4827"}],"wp:attachment":[{"href":"https:\/\/stefanmalsi.de\/blog\/wp-json\/wp\/v2\/media?parent=1638"}],"wp:term":[{"taxonomy":"category","embeddable":true,"href":"https:\/\/stefanmalsi.de\/blog\/wp-json\/wp\/v2\/categories?post=1638"},{"taxonomy":"post_tag","embeddable":true,"href":"https:\/\/stefanmalsi.de\/blog\/wp-json\/wp\/v2\/tags?post=1638"}],"curies":[{"name":"wp","href":"https:\/\/api.w.org\/{rel}","templated":true}]}}