{"id":1635,"date":"2014-10-05T17:32:46","date_gmt":"2014-10-05T15:32:46","guid":{"rendered":"https:\/\/stefanmalsi.de\/blog\/?p=1635"},"modified":"2016-10-29T12:15:52","modified_gmt":"2016-10-29T10:15:52","slug":"1635","status":"publish","type":"post","link":"https:\/\/stefanmalsi.de\/blog\/denkanstoessehs\/1635","title":{"rendered":""},"content":{"rendered":"<h5 style=\"text-align: justify;\"><strong>Die Verhei\u00dfung f\u00fcr Jerusalem und die V\u00f6lker<\/strong><\/h5>\n<p style=\"text-align: justify;\"><strong>\u00a0\u201cDann werde ich die Lippen der V\u00f6lker verwandeln in reine Lippen, damit alle den Namen des Herrn anrufen und ihm einm\u00fctig dienen.\u201c<\/strong> (Zef 3,9 )\u2026<\/p>\n<p style=\"text-align: justify;\"><strong>\u201cJuble, Tochter Zion! Jauchze, Israel! Freu dich und frohlocke von ganzem Herzen, Tochter Jerusalem!\u201c<\/strong>\u00a0(Zef 3,14)\u2026<\/p>\n<p style=\"text-align: justify;\"><strong>\u201cIn jener Zeit bringe ich euch heim, in jener Zeit f\u00fchre ich euch wieder zusammen. Ja, ich verleihe euch Ansehen und Ruhm bei allen V\u00f6lkern der Erde, wenn ich euer Geschick wende. Ihr werdet es sehen, spricht der Herr.2<\/strong> (Zef 3,20)<\/p>\n<p style=\"text-align: justify;\">Da steht das nun tausende von Jahren in der Bibel und wenn es dann endlich eintritt hat es kaum einer vorher bemerkt. Das steht aber genau so geschrieben und wenn ich auch sehr skeptisch hinsichtlich des \u201eg\u00f6ttlichen Ursprunges\u201c vieler biblischer Zeilen bin, so nehme ich doch zur Kenntnis, dass sich diese Zeilen echt klasse anh\u00f6ren. Ja nur zu, da hat doch kein Mensch was dagegen! <strong>Leg los, Freund, Vater, Herr aller Heere!<\/strong><\/p>\n","protected":false},"excerpt":{"rendered":"<p>Die Verhei\u00dfung f\u00fcr Jerusalem und die V\u00f6lker \u00a0\u201cDann werde ich die Lippen der V\u00f6lker verwandeln in reine Lippen, damit alle den Namen des Herrn anrufen und ihm einm\u00fctig dienen.\u201c (Zef 3,9 )\u2026 \u201cJuble, Tochter Zion! Jauchze, Israel! Freu dich und frohlocke von ganzem Herzen, Tochter Jerusalem!\u201c\u00a0(Zef 3,14)\u2026 \u201cIn jener Zeit bringe ich euch heim, in &hellip; <a href=\"https:\/\/stefanmalsi.de\/blog\/denkanstoessehs\/1635\" class=\"more-link\"><span class=\"screen-reader-text\"><\/span> weiterlesen <span class=\"meta-nav\">&rarr;<\/span><\/a><\/p>\n","protected":false},"author":2,"featured_media":0,"comment_status":"closed","ping_status":"closed","sticky":false,"template":"","format":"standard","meta":{"_jetpack_memberships_contains_paid_content":false,"footnotes":""},"categories":[168,6],"tags":[],"class_list":["post-1635","post","type-post","status-publish","format-standard","hentry","category-denkanstoesse-hs-01","category-denkanstoessehs"],"jetpack_featured_media_url":"","jetpack_sharing_enabled":true,"_links":{"self":[{"href":"https:\/\/stefanmalsi.de\/blog\/wp-json\/wp\/v2\/posts\/1635","targetHints":{"allow":["GET"]}}],"collection":[{"href":"https:\/\/stefanmalsi.de\/blog\/wp-json\/wp\/v2\/posts"}],"about":[{"href":"https:\/\/stefanmalsi.de\/blog\/wp-json\/wp\/v2\/types\/post"}],"author":[{"embeddable":true,"href":"https:\/\/stefanmalsi.de\/blog\/wp-json\/wp\/v2\/users\/2"}],"replies":[{"embeddable":true,"href":"https:\/\/stefanmalsi.de\/blog\/wp-json\/wp\/v2\/comments?post=1635"}],"version-history":[{"count":3,"href":"https:\/\/stefanmalsi.de\/blog\/wp-json\/wp\/v2\/posts\/1635\/revisions"}],"predecessor-version":[{"id":5090,"href":"https:\/\/stefanmalsi.de\/blog\/wp-json\/wp\/v2\/posts\/1635\/revisions\/5090"}],"wp:attachment":[{"href":"https:\/\/stefanmalsi.de\/blog\/wp-json\/wp\/v2\/media?parent=1635"}],"wp:term":[{"taxonomy":"category","embeddable":true,"href":"https:\/\/stefanmalsi.de\/blog\/wp-json\/wp\/v2\/categories?post=1635"},{"taxonomy":"post_tag","embeddable":true,"href":"https:\/\/stefanmalsi.de\/blog\/wp-json\/wp\/v2\/tags?post=1635"}],"curies":[{"name":"wp","href":"https:\/\/api.w.org\/{rel}","templated":true}]}}