{"id":151,"date":"2014-10-01T13:50:37","date_gmt":"2014-10-01T11:50:37","guid":{"rendered":"https:\/\/stefanmalsi.de\/blog\/?p=151"},"modified":"2016-10-30T22:36:05","modified_gmt":"2016-10-30T21:36:05","slug":"151","status":"publish","type":"post","link":"https:\/\/stefanmalsi.de\/blog\/gedankenaufdemweg\/151","title":{"rendered":""},"content":{"rendered":"<h5><strong>Aus der Historie unseres Helden<\/strong><\/h5>\n<p style=\"text-align: justify;\">Es j\u00e4hrt sich ja nun bald zum 64. Mal das letzte Todesdatum unseres Helden, der damals, zusammen mit seiner Schwester und mehreren seiner besten Freunde, dem \u201eF\u00fcrst aus Persien\u201c einen heldenhaften Kampf lieferte. Beinahe w\u00e4re auch K\u00f6nig Salomon noch dazu gesto\u00dfen aber sie verpassten sich um einige Tage. Nun sind sie aber erneut zum Kampf gegeneinander angetreten und K\u00f6nig Salomon kam unserem Helden zur rechten Zeit zu Hilfe und \u00fcberwand den ekelhaften \u201eF\u00fcrsten\u201c der vielen auch als Alexander der Gro\u00dfe bekannt sein d\u00fcrfte. Nun sieht vieles danach aus, dass dieser der erste der 6 \u201e\u00fcblen Gesellen\u201c sein wird, der den Weg in die 1000j\u00e4hrige Gefangenschaft antritt und wir werden dar\u00fcber berichten wenn es uns bekannt werden sollte.<\/p>\n","protected":false},"excerpt":{"rendered":"<p>Aus der Historie unseres Helden Es j\u00e4hrt sich ja nun bald zum 64. Mal das letzte Todesdatum unseres Helden, der damals, zusammen mit seiner Schwester und mehreren seiner besten Freunde, dem \u201eF\u00fcrst aus Persien\u201c einen heldenhaften Kampf lieferte. Beinahe w\u00e4re auch K\u00f6nig Salomon noch dazu gesto\u00dfen aber sie verpassten sich um einige Tage. Nun sind &hellip; <a href=\"https:\/\/stefanmalsi.de\/blog\/gedankenaufdemweg\/151\" class=\"more-link\"><span class=\"screen-reader-text\"><\/span> weiterlesen <span class=\"meta-nav\">&rarr;<\/span><\/a><\/p>\n","protected":false},"author":2,"featured_media":0,"comment_status":"closed","ping_status":"closed","sticky":false,"template":"","format":"standard","meta":{"_jetpack_memberships_contains_paid_content":false,"footnotes":""},"categories":[2],"tags":[],"class_list":["post-151","post","type-post","status-publish","format-standard","hentry","category-gedankenaufdemweg"],"jetpack_featured_media_url":"","jetpack_sharing_enabled":true,"_links":{"self":[{"href":"https:\/\/stefanmalsi.de\/blog\/wp-json\/wp\/v2\/posts\/151","targetHints":{"allow":["GET"]}}],"collection":[{"href":"https:\/\/stefanmalsi.de\/blog\/wp-json\/wp\/v2\/posts"}],"about":[{"href":"https:\/\/stefanmalsi.de\/blog\/wp-json\/wp\/v2\/types\/post"}],"author":[{"embeddable":true,"href":"https:\/\/stefanmalsi.de\/blog\/wp-json\/wp\/v2\/users\/2"}],"replies":[{"embeddable":true,"href":"https:\/\/stefanmalsi.de\/blog\/wp-json\/wp\/v2\/comments?post=151"}],"version-history":[{"count":2,"href":"https:\/\/stefanmalsi.de\/blog\/wp-json\/wp\/v2\/posts\/151\/revisions"}],"predecessor-version":[{"id":4946,"href":"https:\/\/stefanmalsi.de\/blog\/wp-json\/wp\/v2\/posts\/151\/revisions\/4946"}],"wp:attachment":[{"href":"https:\/\/stefanmalsi.de\/blog\/wp-json\/wp\/v2\/media?parent=151"}],"wp:term":[{"taxonomy":"category","embeddable":true,"href":"https:\/\/stefanmalsi.de\/blog\/wp-json\/wp\/v2\/categories?post=151"},{"taxonomy":"post_tag","embeddable":true,"href":"https:\/\/stefanmalsi.de\/blog\/wp-json\/wp\/v2\/tags?post=151"}],"curies":[{"name":"wp","href":"https:\/\/api.w.org\/{rel}","templated":true}]}}